{"id":13216,"date":"2025-06-25T16:00:12","date_gmt":"2025-06-25T19:00:12","guid":{"rendered":"https:\/\/cbxonline.com.br\/?p=13216"},"modified":"2025-06-25T16:00:12","modified_gmt":"2025-06-25T19:00:12","slug":"bairros-de-salvador-recebem-forro-ate-o-proximo-domingo-29","status":"publish","type":"post","link":"https:\/\/cbxonline.com.br\/index.php\/2025\/06\/25\/bairros-de-salvador-recebem-forro-ate-o-proximo-domingo-29\/","title":{"rendered":"Bairros de Salvador recebem forr\u00f3 at\u00e9 o pr\u00f3ximo domingo, 29"},"content":{"rendered":"<p>Para quem optou ficar em Salvador, desde o dia 21 de junho acontece em 11 bairros da capital baiana o \u201cForr\u00f3 Comunit\u00e1rio da Bahia\u201d e segue at\u00e9 o domingo, 29 de junho. A proposta \u00e9 levar muito arrasta p\u00e9, comidas t\u00edpicas e alegria para quem n\u00e3o pode viajar para o interior do estado ou optou ficar na capital, Salvador. Bandas locais, formadas no bairros, fazem a alegria dos moradores e visitantes, al\u00e9m de agitar e fortalecer os com\u00e9rcios locais.<\/p>\n<p>Os bairros que est\u00e3o na programa\u00e7\u00e3o s\u00e3o: Uruguai, Mussurunga, Fazenda Coutos III, Nordeste, Itapu\u00e3, Periperi, Itapu\u00e3, Piraj\u00e1, Bairro da Paz, Garcia, Engenho Velho da Federa\u00e7\u00e3o e Cajazeiras.<\/p>\n<p>Em a\u00e7\u00e3o articulada com as comunidades, a programa\u00e7\u00e3o busca valorizar as tradi\u00e7\u00f5es juninas, incentivar o com\u00e9rcio local e oferecer programa\u00e7\u00e3o de lazer, cultura e m\u00fasica \u00e0 popula\u00e7\u00e3o local<\/p>\n<p>O evento \u00e9 uma programa\u00e7\u00e3o do Governo do Estado. No \u00faltimo s\u00e1bado (21) os bairros de Fazenda Coutos, Mussurunga, Nordeste de Amaralina e Uruguai receberam o projeto.<\/p>\n<p>Agenda<\/p>\n<p>S\u00e3o atra\u00e7\u00f5es surgidas nas comunidades que ganham luz com o projeto.<\/p>\n<p>Nesta segunda(23) tem:<\/p>\n<p>Itapu\u00e3 &#8211; Lagoa do Abaet\u00e9, a partir das 20h:<\/p>\n<p>Hasud, o Sheik<br \/>\nRita Brito e Ra\u00ed Marshall<br \/>\nBanda Release<br \/>\nNem Silva<\/p>\n<p>Periperi &#8211; Pra\u00e7a do Parquinho, a partir das 21h:<\/p>\n<p>T\u00f4 Vivendo<br \/>\nBanda Styllus<br \/>\nNelsinho Falc\u00e3o<\/p>\n<p>Piraj\u00e1 &#8211; Pra\u00e7a General Labatut, a partir das 20h30:<\/p>\n<p>Estika Canela<br \/>\nThiago Ferrety<br \/>\nPenha Oliver<\/p>\n","protected":false},"excerpt":{"rendered":"<p>Para quem optou ficar em Salvador, desde o dia 21 de junho acontece em 11 bairros da capital baiana o \u201cForr\u00f3 Comunit\u00e1rio da Bahia\u201d e segue at\u00e9 o domingo, 29 de junho. A proposta \u00e9 levar muito arrasta p\u00e9, comidas t\u00edpicas e alegria para quem n\u00e3o pode viajar para o interior do estado ou optou [&hellip;]<\/p>\n","protected":false},"author":1,"featured_media":13218,"comment_status":"open","ping_status":"closed","sticky":false,"template":"","format":"standard","meta":{"jnews-multi-image_gallery":[],"jnews_single_post":[],"jnews_primary_category":[],"footnotes":""},"categories":[85],"tags":[],"class_list":["post-13216","post","type-post","status-publish","format-standard","has-post-thumbnail","hentry","category-noticias"],"_links":{"self":[{"href":"https:\/\/cbxonline.com.br\/index.php\/wp-json\/wp\/v2\/posts\/13216","targetHints":{"allow":["GET"]}}],"collection":[{"href":"https:\/\/cbxonline.com.br\/index.php\/wp-json\/wp\/v2\/posts"}],"about":[{"href":"https:\/\/cbxonline.com.br\/index.php\/wp-json\/wp\/v2\/types\/post"}],"author":[{"embeddable":true,"href":"https:\/\/cbxonline.com.br\/index.php\/wp-json\/wp\/v2\/users\/1"}],"replies":[{"embeddable":true,"href":"https:\/\/cbxonline.com.br\/index.php\/wp-json\/wp\/v2\/comments?post=13216"}],"version-history":[{"count":1,"href":"https:\/\/cbxonline.com.br\/index.php\/wp-json\/wp\/v2\/posts\/13216\/revisions"}],"predecessor-version":[{"id":13217,"href":"https:\/\/cbxonline.com.br\/index.php\/wp-json\/wp\/v2\/posts\/13216\/revisions\/13217"}],"wp:featuredmedia":[{"embeddable":true,"href":"https:\/\/cbxonline.com.br\/index.php\/wp-json\/wp\/v2\/media\/13218"}],"wp:attachment":[{"href":"https:\/\/cbxonline.com.br\/index.php\/wp-json\/wp\/v2\/media?parent=13216"}],"wp:term":[{"taxonomy":"category","embeddable":true,"href":"https:\/\/cbxonline.com.br\/index.php\/wp-json\/wp\/v2\/categories?post=13216"},{"taxonomy":"post_tag","embeddable":true,"href":"https:\/\/cbxonline.com.br\/index.php\/wp-json\/wp\/v2\/tags?post=13216"}],"curies":[{"name":"wp","href":"https:\/\/api.w.org\/{rel}","templated":true}]}}