{"id":12887,"date":"2025-05-20T14:23:36","date_gmt":"2025-05-20T17:23:36","guid":{"rendered":"https:\/\/cbxonline.com.br\/?p=12887"},"modified":"2025-05-20T14:23:37","modified_gmt":"2025-05-20T17:23:37","slug":"sesi-lanca-nova-etapa-de-workshops-de-moda-e-figurino-na-cidade-baixa","status":"publish","type":"post","link":"https:\/\/cbxonline.com.br\/index.php\/2025\/05\/20\/sesi-lanca-nova-etapa-de-workshops-de-moda-e-figurino-na-cidade-baixa\/","title":{"rendered":"SESI lan\u00e7a nova etapa de workshops de moda e figurino na Cidade Baixa"},"content":{"rendered":"<p>O Servi\u00e7o Social da Ind\u00fastria (SESI) na Bahia lan\u00e7a, neste final de semana (24 das 13h \u00e0s 19h e 25 das 13h \u00e0s 18h), em parceria com o Departamento Nacional do SESI, a segunda etapa do Ciclo de Workshops Moda e Figurino, no Centro Cultural SESI Casa Branca, na Cidade Baixa. A abertura da iniciativa ser\u00e1 marcada pela realiza\u00e7\u00e3o da Feira de Moda CBX \u2013 Conex\u00f5es Criativas do Vestu\u00e1rio, em homenagem ao Dia da Ind\u00fastria e o Dia da Costureira, al\u00e9m de celebrar a criatividade, diversidade e o potencial produtivo do setor vestu\u00e1rio na capital baiana.<\/p>\n<p>A programa\u00e7\u00e3o da Feira contar\u00e1 com desfile da Periferia do Futuro, roda de conversa sobre moda e economia criativa, feira de expositores e atra\u00e7\u00f5es musicais, como DJ Ferah, trio de forr\u00f3 \u201cForr\u00f3 Violado\u201d e roda de samba com Roberval Santos.<\/p>\n<p>O destaque do primeiro dia, 24\/05, \u00e9 a roda de conversa \u201cModa e Economia Criativa: Caminhos Sustent\u00e1veis\u201d, \u00e0s 17h, com participa\u00e7\u00e3o de representantes do Sindicato do Vestu\u00e1rio (Sindvest), F\u00e1brica Cultural, SENAI Dendezeiros, Secretaria Municipal de Desenvolvimento, Emprego e Renda (Semdec) e especialistas em economia criativa. O objetivo \u00e9 promover di\u00e1logo, troca de experi\u00eancias e fortalecer conex\u00f5es entre moda, sustentabilidade e inova\u00e7\u00e3o. Nestes dias, a Esta\u00e7\u00e3o Ci\u00eancias estar\u00e1 com entrada gratuita.<\/p>\n<p>E o do segundo dia \u00e9 a programa\u00e7\u00e3o Infantojuvenil, com o espet\u00e1culo Espet\u00e1culo Vila ABCD e a roda de conversa \u201cModa e Economia Criativa: Caminhos Sustent\u00e1veis\u201d, dentre outras a\u00e7\u00f5es.<\/p>\n<p><strong>Forma\u00e7\u00e3o<\/strong><\/p>\n<p>O ciclo segue com uma programa\u00e7\u00e3o formativa de junho a setembro, com oficinas, workshops e exposi\u00e7\u00f5es realizadas em diversos espa\u00e7os parceiros, como a F\u00e1brica Cultural, SENAI Dendezeiros e SESI Casa Branca.<\/p>\n<p>J\u00e1 est\u00e3o previstas atividades como: Exposi\u00e7\u00e3o e Workshop \u201cDetalhes do Feito \u00e0 M\u00e3o, a Poesia do fazer\u201d, com Luciana Gale\u00e3o. A atividade \u00e9 uma exposi\u00e7\u00e3o de \u201cupcycling\u201d \u2013 reaproveitamento criativo de res\u00edduos, em alus\u00e3o ao M\u00eas do Meio Ambiente (Centro Cultural SESI Casa Branca); Moda e Passarela, com Carlos Cruz (F\u00e1brica Cultural); Inova\u00e7\u00e3o e Criatividade: Como construir uma marca forte e atrair clientes (SENAI Dendezeiros); Como criar a identidade visual para valoriza\u00e7\u00e3o do seu produto (SENAI Dendezeiros); Decodificando s\u00edmbolos culturais em produtos de moda, com Phaedra Moraes Brasil (SENAI CIMATEC).<\/p>\n<p>Os workshops ocorrer\u00e3o sempre nas primeiras segundas-feiras dos meses de junho a setembro, no SESI Casa Branca, conduzidos por renomados estilistas baianos, como Luciana Gale\u00e3o e Jonas Bueno. Al\u00e9m das forma\u00e7\u00f5es, cada artista apresentar\u00e1 uma exposi\u00e7\u00e3o com suas cria\u00e7\u00f5es.<\/p>\n<p>O projeto tem como prop\u00f3sito valorizar o potencial criativo dos territ\u00f3rios, estimular o empreendedorismo no setor do vestu\u00e1rio e impulsionar a economia criativa local. As inscri\u00e7\u00f5es ser\u00e3o abertas em maio, de forma gratuita, online e com vagas limitadas.<\/p>\n<p>A 2\u00aa Etapa do Ciclo de Workshops Moda e Figurino \u00e9 uma realiza\u00e7\u00e3o do Centro Cultural SESI Casa Branca e SESI, e tem produ\u00e7\u00e3o da Mil Produ\u00e7\u00f5es Art\u00edsticas e parceria com a F\u00e1brica Cultural, Bahia T\u00eaxtil, SENAI CIMATEC e SENAI.<\/p>\n","protected":false},"excerpt":{"rendered":"<p>O Servi\u00e7o Social da Ind\u00fastria (SESI) na Bahia lan\u00e7a, neste final de semana (24 das 13h \u00e0s 19h e 25 das 13h \u00e0s 18h), em parceria com o Departamento Nacional do SESI, a segunda etapa do Ciclo de Workshops Moda e Figurino, no Centro Cultural SESI Casa Branca, na Cidade Baixa. A abertura da iniciativa [&hellip;]<\/p>\n","protected":false},"author":1,"featured_media":12889,"comment_status":"open","ping_status":"closed","sticky":false,"template":"","format":"standard","meta":{"jnews-multi-image_gallery":[],"jnews_single_post":[],"jnews_primary_category":[],"footnotes":""},"categories":[178],"tags":[],"class_list":["post-12887","post","type-post","status-publish","format-standard","has-post-thumbnail","hentry","category-workshops-moda-e-figurino"],"_links":{"self":[{"href":"https:\/\/cbxonline.com.br\/index.php\/wp-json\/wp\/v2\/posts\/12887","targetHints":{"allow":["GET"]}}],"collection":[{"href":"https:\/\/cbxonline.com.br\/index.php\/wp-json\/wp\/v2\/posts"}],"about":[{"href":"https:\/\/cbxonline.com.br\/index.php\/wp-json\/wp\/v2\/types\/post"}],"author":[{"embeddable":true,"href":"https:\/\/cbxonline.com.br\/index.php\/wp-json\/wp\/v2\/users\/1"}],"replies":[{"embeddable":true,"href":"https:\/\/cbxonline.com.br\/index.php\/wp-json\/wp\/v2\/comments?post=12887"}],"version-history":[{"count":1,"href":"https:\/\/cbxonline.com.br\/index.php\/wp-json\/wp\/v2\/posts\/12887\/revisions"}],"predecessor-version":[{"id":12888,"href":"https:\/\/cbxonline.com.br\/index.php\/wp-json\/wp\/v2\/posts\/12887\/revisions\/12888"}],"wp:featuredmedia":[{"embeddable":true,"href":"https:\/\/cbxonline.com.br\/index.php\/wp-json\/wp\/v2\/media\/12889"}],"wp:attachment":[{"href":"https:\/\/cbxonline.com.br\/index.php\/wp-json\/wp\/v2\/media?parent=12887"}],"wp:term":[{"taxonomy":"category","embeddable":true,"href":"https:\/\/cbxonline.com.br\/index.php\/wp-json\/wp\/v2\/categories?post=12887"},{"taxonomy":"post_tag","embeddable":true,"href":"https:\/\/cbxonline.com.br\/index.php\/wp-json\/wp\/v2\/tags?post=12887"}],"curies":[{"name":"wp","href":"https:\/\/api.w.org\/{rel}","templated":true}]}}