{"id":12781,"date":"2025-05-08T13:55:59","date_gmt":"2025-05-08T16:55:59","guid":{"rendered":"https:\/\/cbxonline.com.br\/?p=12781"},"modified":"2025-05-08T13:55:59","modified_gmt":"2025-05-08T16:55:59","slug":"memorial-maria-odilia-e-alternativa-cultural-para-soteropolitanos-e-turistas","status":"publish","type":"post","link":"https:\/\/cbxonline.com.br\/index.php\/2025\/05\/08\/memorial-maria-odilia-e-alternativa-cultural-para-soteropolitanos-e-turistas\/","title":{"rendered":"Memorial Maria Od\u00edlia \u00e9 alternativa cultural para soteropolitanos e turistas"},"content":{"rendered":"<p>Com uma exposi\u00e7\u00e3o permanente e interativa, a Escola de Sa\u00fade P\u00fablica de Salvador (ESPS), no Com\u00e9rcio, conta a hist\u00f3ria da primeira mulher negra diplomada na Faculdade de Medicina da Bahia, onde tamb\u00e9m lecionou. Atrav\u00e9s de um acervo audiovisual, o Memorial Maria Od\u00edlia situado dentro do espa\u00e7o percorre os caminhos pessoais e sociais que levaram a m\u00e9dica Maria Od\u00edlia Teixeira (1884-1970) a alcan\u00e7ar seu lugar de destaque na hist\u00f3ria e na cultura afro-brasileira da Bahia, inspirando outros tantos casos que se seguiram ao seu exemplo desde ent\u00e3o.<\/p>\n<p>A exposi\u00e7\u00e3o permanente conta a hist\u00f3ria de Maria Od\u00edlia Teixeira (1884-1970), natural de S\u00e3o F\u00e9lix do Paragua\u00e7u, filha de m\u00e9dico que se tornou a primeira mulher negra diplomada em medicina no pa\u00eds. O espa\u00e7o tem curadoria de Mariana Jaspe e conta com a consultoria e apoio da historiadora Mayara Santos.<\/p>\n<p>Desde o dia 15 de dezembro de 2023 &#8211; que faz refer\u00eancia \u00e0 data de formatura de Maria Od\u00edlia &#8211; quando ocorreu a entrega do equipamento, cerca de 700 pessoas j\u00e1 visitaram o espa\u00e7o, por meio de grupos de estudantes. O agendamento desses grupos deve\u00a0ser feito atrav\u00e9s do e-mail\u00a0memorial.mariaodilia@<wbr \/>salvador.ba.gov.br, indicando institui\u00e7\u00e3o, data, hor\u00e1rio e n\u00famero de pessoas.<\/p>\n<p>O gerente executivo da ESPS, Christian Tirelli, ressalta a import\u00e2ncia hist\u00f3rica e cultural do espa\u00e7o. &#8220;O Memorial \u00e9 uma homenagem \u00e0 trajet\u00f3ria de Maria Od\u00edlia Teixeira, primeira m\u00e9dica negra do Brasil, que se superou em v\u00e1rios sentidos, sendo precursora de v\u00e1rios aspectos, como sua forma\u00e7\u00e3o, o fato de ter sido a primeira negra professora universit\u00e1ria na \u00e1rea de medicina, primeira-dama do munic\u00edpio de Ilh\u00e9us, enfrentando uma s\u00e9rie de preconceitos. E a l\u00f3gica deste memorial \u00e9 mostrar para o p\u00fablico um pouco dessa hist\u00f3ria a partir de depoimentos da fam\u00edlia, documentos, etc. Ent\u00e3o, todos os espa\u00e7os respiram essa forma de expressar que foi Maria Od\u00edlia&#8221;.<\/p>\n<p>Quem entra no memorial se depara com uma exposi\u00e7\u00e3o que parte de uma escultura em forma de \u00e1rvore, cujas ra\u00edzes saem do piso t\u00e9rreo trazem uma ideia de que a pr\u00f3pria Maria Od\u00edlia \u00e9 uma semente para as pr\u00f3ximas gera\u00e7\u00f5es, a partir de diversos momentos dela como filha, estudante, m\u00e3e, esposa. Conta uma hist\u00f3ria rica e inspiradora, refletido e cerca de uma hora de imagens e artes dedicadas \u00e0 homenageada, o que se conecta com a representatividade negra da cidade.<\/p>\n<p>&#8220;Essa \u00e9 mais uma atividade da Prefeitura para a conscientiza\u00e7\u00e3o racial e luta contra o racismo, como uma ferramenta pedag\u00f3gica intensa, o que torna Salvador uma cidade pioneira, pois isso, al\u00e9m de se conectar com o perfil majorit\u00e1rio da popula\u00e7\u00e3o, tamb\u00e9m se conecta com o perfil dos servidores, a partir de acordo preventivas, educa\u00e7\u00e3o antirracista, fornecendo forma\u00e7\u00e3o, treinamento e capacita\u00e7\u00e3o\u201d, completa Tirelli.<\/p>\n<p>O memorial<strong>\u00a0<\/strong>funciona a partir de visitas p\u00fablicas guiadas e gratuitas, de ter\u00e7a a sexta-feira, das 10h \u00e0s 17h.<\/p>\n","protected":false},"excerpt":{"rendered":"<p>Com uma exposi\u00e7\u00e3o permanente e interativa, a Escola de Sa\u00fade P\u00fablica de Salvador (ESPS), no Com\u00e9rcio, conta a hist\u00f3ria da primeira mulher negra diplomada na Faculdade de Medicina da Bahia, onde tamb\u00e9m lecionou. Atrav\u00e9s de um acervo audiovisual, o Memorial Maria Od\u00edlia situado dentro do espa\u00e7o percorre os caminhos pessoais e sociais que levaram a [&hellip;]<\/p>\n","protected":false},"author":1,"featured_media":12783,"comment_status":"open","ping_status":"closed","sticky":false,"template":"","format":"standard","meta":{"jnews-multi-image_gallery":[],"jnews_single_post":[],"jnews_primary_category":[],"footnotes":""},"categories":[130],"tags":[],"class_list":["post-12781","post","type-post","status-publish","format-standard","has-post-thumbnail","hentry","category-exposicao"],"_links":{"self":[{"href":"https:\/\/cbxonline.com.br\/index.php\/wp-json\/wp\/v2\/posts\/12781","targetHints":{"allow":["GET"]}}],"collection":[{"href":"https:\/\/cbxonline.com.br\/index.php\/wp-json\/wp\/v2\/posts"}],"about":[{"href":"https:\/\/cbxonline.com.br\/index.php\/wp-json\/wp\/v2\/types\/post"}],"author":[{"embeddable":true,"href":"https:\/\/cbxonline.com.br\/index.php\/wp-json\/wp\/v2\/users\/1"}],"replies":[{"embeddable":true,"href":"https:\/\/cbxonline.com.br\/index.php\/wp-json\/wp\/v2\/comments?post=12781"}],"version-history":[{"count":1,"href":"https:\/\/cbxonline.com.br\/index.php\/wp-json\/wp\/v2\/posts\/12781\/revisions"}],"predecessor-version":[{"id":12782,"href":"https:\/\/cbxonline.com.br\/index.php\/wp-json\/wp\/v2\/posts\/12781\/revisions\/12782"}],"wp:featuredmedia":[{"embeddable":true,"href":"https:\/\/cbxonline.com.br\/index.php\/wp-json\/wp\/v2\/media\/12783"}],"wp:attachment":[{"href":"https:\/\/cbxonline.com.br\/index.php\/wp-json\/wp\/v2\/media?parent=12781"}],"wp:term":[{"taxonomy":"category","embeddable":true,"href":"https:\/\/cbxonline.com.br\/index.php\/wp-json\/wp\/v2\/categories?post=12781"},{"taxonomy":"post_tag","embeddable":true,"href":"https:\/\/cbxonline.com.br\/index.php\/wp-json\/wp\/v2\/tags?post=12781"}],"curies":[{"name":"wp","href":"https:\/\/api.w.org\/{rel}","templated":true}]}}