{"id":12774,"date":"2025-05-08T13:27:18","date_gmt":"2025-05-08T16:27:18","guid":{"rendered":"https:\/\/cbxonline.com.br\/?p=12774"},"modified":"2025-05-08T13:27:19","modified_gmt":"2025-05-08T16:27:19","slug":"guarda-municipal-reforca-seguranca-no-comercio-em-horario-de-pico","status":"publish","type":"post","link":"https:\/\/cbxonline.com.br\/index.php\/2025\/05\/08\/guarda-municipal-reforca-seguranca-no-comercio-em-horario-de-pico\/","title":{"rendered":"Guarda Municipal refor\u00e7a seguran\u00e7a no Com\u00e9rcio em hor\u00e1rio de pico"},"content":{"rendered":"<p>Para garantir a seguran\u00e7a de quem trabalha, estuda e passa pelo bairro do Com\u00e9rcio, a Guarda Civil Municipal (GCM), vinculada \u00e0 Secretaria Municipal de Ordem P\u00fablica (Semop), est\u00e1 intensificando o patrulhamento na regi\u00e3o em hor\u00e1rio de pico, das 16h30 \u00e0s 18h30, com pontos fixos e m\u00f3veis.<\/p>\n<p>A opera\u00e7\u00e3o, chamada de \u201cRetorno Seguro\u201d, atende a uma demanda da popula\u00e7\u00e3o, registrada na Ouvidoria Geral do Munic\u00edpio, e visa aumentar a prote\u00e7\u00e3o, reduzir as ocorr\u00eancias de crimes e valorizar o bairro como um espa\u00e7o seguro, atrativo e funcional, beneficiando tamb\u00e9m o turismo e o com\u00e9rcio local.<\/p>\n<p>A opera\u00e7\u00e3o ocorre de maneira complementar \u00e0 seguran\u00e7a existente e n\u00e3o implica na redu\u00e7\u00e3o do apoio j\u00e1 prestado nos demais hor\u00e1rios.<\/p>\n<p>\u201cA opera\u00e7\u00e3o Retorno Seguro visa trazer mais seguran\u00e7a para a regi\u00e3o no per\u00edodo em que o fluxo de pessoas \u00e9 grande, devido \u00e0 sa\u00edda do trabalho, da faculdade e de outras atividades, ent\u00e3o \u00e9 um momento sens\u00edvel que diz respeito ao fluxo de pessoas. Nos \u00faltimos anos, houve um aumento do funcionamento de secretarias e demais \u00f3rg\u00e3os situados no bairro, ent\u00e3o a Guarda Municipal, visando colaborar para a redu\u00e7\u00e3o de delitos principalmente nesse per\u00edodo, montou essa opera\u00e7\u00e3o\u201d, afirma Marcelo Silva, inspetor-geral da GCM.<\/p>\n<p>Ele destaca que a Prefeitura tem se empenhado em revitalizar o bairro, com a constru\u00e7\u00e3o e reforma de equipamentos e a transfer\u00eancia de alguns \u00f3rg\u00e3os municipais.<\/p>\n<p>\u201cTemos ali a Casa das Hist\u00f3rias, o Arquivo P\u00fablico, a Galeria Mercado, museus e diversas atividades que atraem o p\u00fablico, n\u00e3o s\u00f3 turistas como soteropolitanos que visitam esses espa\u00e7os. Ent\u00e3o, o Com\u00e9rcio est\u00e1 cada vez mais movimentado. N\u00f3s j\u00e1 damos aten\u00e7\u00e3o 24 horas \u00e0 regi\u00e3o, tanto ao Com\u00e9rcio como ao Pelourinho, Santo Ant\u00f4nio Al\u00e9m do Carmo e demais pontos do Centro Hist\u00f3rico. Portanto, o Retorno Seguro se apoia bastante no momento do grande fluxo de pessoas saindo do trabalho\u201d, acrescenta.<\/p>\n<p>A opera\u00e7\u00e3o n\u00e3o tem prazo para acabar e traz sensa\u00e7\u00e3o de melhoria na seguran\u00e7a para quem passa ou frequenta a regi\u00e3o. \u201cN\u00f3s costumamos dizer que o agente da GCM \u00e9 um garantidor de direitos. Quando a equipe est\u00e1 presente, o cidad\u00e3o acessa de maneira tranquila o servi\u00e7o p\u00fablico, a um estabelecimento, ao logradouro. \u00c9 um direito do cidad\u00e3o ter acesso ao servi\u00e7o p\u00fablico em seguran\u00e7a\u201d, finalizou Silva.<\/p>\n<p>Servidor p\u00fablico federal, Edvaldo Pereira, 58, pega \u00f4nibus frequentemente na Pra\u00e7a Marechal Deodoro, conhecida como Pra\u00e7a da M\u00e3ozinha. \u201cO hor\u00e1rio de 18h \u00e9 bem complicado, pois n\u00e3o vemos policiamento no local. Eu j\u00e1 presenciei algumas situa\u00e7\u00f5es de inseguran\u00e7a, como furtos e assaltos. A presen\u00e7a da Guarda inibe isso e outros sinistros, sendo muito importante\u201d, opina.<\/p>\n<p>J\u00e1 o vendedor ambulante Keno Santos, 63, tamb\u00e9m diz se sentir mais seguro com a opera\u00e7\u00e3o. \u201cEu acho excelente essa opera\u00e7\u00e3o da Guarda. Se puder manter 24 horas, vai ser muito bom. A seguran\u00e7a vai melhorar, as pessoas n\u00e3o v\u00e3o andar com medo e v\u00e3o pegar o transporte sem preocupa\u00e7\u00e3o\u201d.<\/p>\n","protected":false},"excerpt":{"rendered":"<p>Para garantir a seguran\u00e7a de quem trabalha, estuda e passa pelo bairro do Com\u00e9rcio, a Guarda Civil Municipal (GCM), vinculada \u00e0 Secretaria Municipal de Ordem P\u00fablica (Semop), est\u00e1 intensificando o patrulhamento na regi\u00e3o em hor\u00e1rio de pico, das 16h30 \u00e0s 18h30, com pontos fixos e m\u00f3veis. A opera\u00e7\u00e3o, chamada de \u201cRetorno Seguro\u201d, atende a uma [&hellip;]<\/p>\n","protected":false},"author":1,"featured_media":12776,"comment_status":"open","ping_status":"closed","sticky":false,"template":"","format":"standard","meta":{"jnews-multi-image_gallery":[],"jnews_single_post":[],"jnews_primary_category":[],"footnotes":""},"categories":[83],"tags":[],"class_list":["post-12774","post","type-post","status-publish","format-standard","has-post-thumbnail","hentry","category-seguranca"],"_links":{"self":[{"href":"https:\/\/cbxonline.com.br\/index.php\/wp-json\/wp\/v2\/posts\/12774","targetHints":{"allow":["GET"]}}],"collection":[{"href":"https:\/\/cbxonline.com.br\/index.php\/wp-json\/wp\/v2\/posts"}],"about":[{"href":"https:\/\/cbxonline.com.br\/index.php\/wp-json\/wp\/v2\/types\/post"}],"author":[{"embeddable":true,"href":"https:\/\/cbxonline.com.br\/index.php\/wp-json\/wp\/v2\/users\/1"}],"replies":[{"embeddable":true,"href":"https:\/\/cbxonline.com.br\/index.php\/wp-json\/wp\/v2\/comments?post=12774"}],"version-history":[{"count":1,"href":"https:\/\/cbxonline.com.br\/index.php\/wp-json\/wp\/v2\/posts\/12774\/revisions"}],"predecessor-version":[{"id":12775,"href":"https:\/\/cbxonline.com.br\/index.php\/wp-json\/wp\/v2\/posts\/12774\/revisions\/12775"}],"wp:featuredmedia":[{"embeddable":true,"href":"https:\/\/cbxonline.com.br\/index.php\/wp-json\/wp\/v2\/media\/12776"}],"wp:attachment":[{"href":"https:\/\/cbxonline.com.br\/index.php\/wp-json\/wp\/v2\/media?parent=12774"}],"wp:term":[{"taxonomy":"category","embeddable":true,"href":"https:\/\/cbxonline.com.br\/index.php\/wp-json\/wp\/v2\/categories?post=12774"},{"taxonomy":"post_tag","embeddable":true,"href":"https:\/\/cbxonline.com.br\/index.php\/wp-json\/wp\/v2\/tags?post=12774"}],"curies":[{"name":"wp","href":"https:\/\/api.w.org\/{rel}","templated":true}]}}