{"id":12723,"date":"2025-05-02T15:12:24","date_gmt":"2025-05-02T18:12:24","guid":{"rendered":"https:\/\/cbxonline.com.br\/?p=12723"},"modified":"2025-05-02T15:12:24","modified_gmt":"2025-05-02T18:12:24","slug":"2a-edicao-do-festival-viva-a-lingua-acontece-no-centro-de-salvador","status":"publish","type":"post","link":"https:\/\/cbxonline.com.br\/index.php\/2025\/05\/02\/2a-edicao-do-festival-viva-a-lingua-acontece-no-centro-de-salvador\/","title":{"rendered":"2\u00aa edi\u00e7\u00e3o do Festival \u2018Viva a L\u00edngua\u2019 acontece no centro de Salvador"},"content":{"rendered":"<p>De acordo com o Instituto Cam\u00f5es (2022), a l\u00edngua portuguesa \u00e9 a quarta l\u00edngua materna mais falada no mundo com 260 e 300 milh\u00f5es de pessoas que t\u00eam o idioma como oficial, representando cerca de 3,7% da popula\u00e7\u00e3o mundial.<\/p>\n<p>Para comemorar a sua expans\u00e3o e interc\u00e2mbio entre os povos, o \u201cViva a L\u00edngua \u2013 Festival da L\u00edngua Portuguesa\u201d chega em sua 2\u00aa edi\u00e7\u00e3o durante os dias 03, 04 e 05 de maio, com uma programa\u00e7\u00e3o diversa, gratuita e que acontecer\u00e1 entre o Gabinete Portugu\u00eas de Leitura e o Espa\u00e7o Cultural da Barroquinha, em Salvador.<\/p>\n<p><strong>Segundo dia<\/strong><\/p>\n<p>No dia 04 de maio (domingo), \u00e0s 14h30, no Espa\u00e7o Cultural da Barroquinha, acontecer\u00e1 uma roda de conversa com nomes incontest\u00e1veis da literatura: o premiado escritor portugu\u00eas Valter Hugo M\u00e3e; a escritora cabo-verdiana Vera Duarte \u2013 que na ocasi\u00e3o, ir\u00e1 lan\u00e7ar o seu livro \u201cA V\u00e9nus Crioula\u201d no Brasil \u2013 e a escritora baiana L\u00edvia Nat\u00e1lia..<\/p>\n<p>A vinda do escritor portugu\u00eas Valter Hugo M\u00e3e \u00e9 viabilizada pelo Instituto Cam\u00f5es do Minist\u00e9rio dos Neg\u00f3cios Estrangeiros de Portugal, atrav\u00e9s do Consulado Geral de Portugal em Salvador. O C\u00f4nsul Geral de Portugal em Salvador, Ricardo Cortes, refere que a presen\u00e7a do escritor consolida os la\u00e7os de Portugal na Bahia e insere-se nas atividades culturais do Consulado Geral para 2025. O Consulado Geral agradece aos organizadores do Festival (Ricardo Duarte).<\/p>\n<p>Ainda no dia 04 de maio, \u00e0s 18h, na Barroquinha, ap\u00f3s a roda de conversa entre os autores, o cantor, Lazzo Matumbi, se apresentar\u00e1 com o show \u201cLazzo Canta Melodia\u201d. O repert\u00f3rio, composto majoritariamente por can\u00e7\u00f5es de Luiz Melodia, trazendo \u201cJuventude Transviada\u201d, \u201cSurra de Chicote\u201d, \u201c\u00c9bano\u201d, \u201cNegro Gato\u201d, \u201cEst\u00e1cio Hollyday Est\u00e1cio\u201d e outros tantos sucessos reinterpretados de modo particular, com arranjos refeitos e assinados pelo pr\u00f3prio Lazzo que ir\u00e1 se apresentar com a banda completa<\/p>\n","protected":false},"excerpt":{"rendered":"<p>De acordo com o Instituto Cam\u00f5es (2022), a l\u00edngua portuguesa \u00e9 a quarta l\u00edngua materna mais falada no mundo com 260 e 300 milh\u00f5es de pessoas que t\u00eam o idioma como oficial, representando cerca de 3,7% da popula\u00e7\u00e3o mundial. Para comemorar a sua expans\u00e3o e interc\u00e2mbio entre os povos, o \u201cViva a L\u00edngua \u2013 Festival [&hellip;]<\/p>\n","protected":false},"author":1,"featured_media":12725,"comment_status":"open","ping_status":"closed","sticky":false,"template":"","format":"standard","meta":{"jnews-multi-image_gallery":[],"jnews_single_post":[],"jnews_primary_category":[],"footnotes":""},"categories":[162],"tags":[],"class_list":["post-12723","post","type-post","status-publish","format-standard","has-post-thumbnail","hentry","category-viva-a-lingua"],"_links":{"self":[{"href":"https:\/\/cbxonline.com.br\/index.php\/wp-json\/wp\/v2\/posts\/12723","targetHints":{"allow":["GET"]}}],"collection":[{"href":"https:\/\/cbxonline.com.br\/index.php\/wp-json\/wp\/v2\/posts"}],"about":[{"href":"https:\/\/cbxonline.com.br\/index.php\/wp-json\/wp\/v2\/types\/post"}],"author":[{"embeddable":true,"href":"https:\/\/cbxonline.com.br\/index.php\/wp-json\/wp\/v2\/users\/1"}],"replies":[{"embeddable":true,"href":"https:\/\/cbxonline.com.br\/index.php\/wp-json\/wp\/v2\/comments?post=12723"}],"version-history":[{"count":1,"href":"https:\/\/cbxonline.com.br\/index.php\/wp-json\/wp\/v2\/posts\/12723\/revisions"}],"predecessor-version":[{"id":12724,"href":"https:\/\/cbxonline.com.br\/index.php\/wp-json\/wp\/v2\/posts\/12723\/revisions\/12724"}],"wp:featuredmedia":[{"embeddable":true,"href":"https:\/\/cbxonline.com.br\/index.php\/wp-json\/wp\/v2\/media\/12725"}],"wp:attachment":[{"href":"https:\/\/cbxonline.com.br\/index.php\/wp-json\/wp\/v2\/media?parent=12723"}],"wp:term":[{"taxonomy":"category","embeddable":true,"href":"https:\/\/cbxonline.com.br\/index.php\/wp-json\/wp\/v2\/categories?post=12723"},{"taxonomy":"post_tag","embeddable":true,"href":"https:\/\/cbxonline.com.br\/index.php\/wp-json\/wp\/v2\/tags?post=12723"}],"curies":[{"name":"wp","href":"https:\/\/api.w.org\/{rel}","templated":true}]}}