{"id":12717,"date":"2025-05-02T14:47:00","date_gmt":"2025-05-02T17:47:00","guid":{"rendered":"https:\/\/cbxonline.com.br\/?p=12717"},"modified":"2025-05-02T14:47:01","modified_gmt":"2025-05-02T17:47:01","slug":"prefeitura-realiza-operacao-conjunta-de-combate-a-ocupacao-irregular-na-via-expressa","status":"publish","type":"post","link":"https:\/\/cbxonline.com.br\/index.php\/2025\/05\/02\/prefeitura-realiza-operacao-conjunta-de-combate-a-ocupacao-irregular-na-via-expressa\/","title":{"rendered":"Prefeitura realiza opera\u00e7\u00e3o conjunta de combate \u00e0 ocupa\u00e7\u00e3o irregular na Via Expressa"},"content":{"rendered":"<p>A Prefeitura de Salvador realiza, nesta sexta-feira (2), uma opera\u00e7\u00e3o conjunta para retirada de constru\u00e7\u00f5es irregulares na \u00e1rea embaixo do viaduto da Via Expressa, pr\u00f3xima ao Mercado Popular de \u00c1gua de Meninos. Coordenada pela Secretaria Municipal de Promo\u00e7\u00e3o Social, Combate \u00e0 Pobreza, Esporte e Lazer (Sempre), a a\u00e7\u00e3o envolve as secretarias de Ordem P\u00fablica (Semop) e de Desenvolvimento Urbano (Sedur), al\u00e9m da Vigil\u00e2ncia Sanit\u00e1ria de Salvador (Visa\/SMS), Empresa de Limpeza Urbana de Salvador (Limpurb), Guarda Civil Municipal (GCM) e Pol\u00edcia Militar da Bahia (PM-BA).<\/p>\n<p>As nove pessoas em situa\u00e7\u00e3o de rua que ocupavam o local j\u00e1 vinham sendo sensibilizadas h\u00e1 mais de um ano pela Sempre e est\u00e3o sendo assistidas pela administra\u00e7\u00e3o municipal, com a concess\u00e3o de benef\u00edcios como o aux\u00edlio moradia e encaminhamento a demais programas de assist\u00eancia social da Prefeitura. Na ocasi\u00e3o, foram demolidos oito barracos de madeira e est\u00e1 sendo feita a retirada do material e limpeza da \u00e1rea. A desocupa\u00e7\u00e3o est\u00e1 sendo feita de forma consensual e a a\u00e7\u00e3o ocorre de forma ordenada e sem qualquer intercorr\u00eancia.<\/p>\n<p>De acordo com o C\u00f3digo de Obras do Munic\u00edpio (Lei 9281\/2017), toda e qualquer obra, particular ou p\u00fablica, s\u00f3 pode ser iniciada ap\u00f3s licen\u00e7a ou autoriza\u00e7\u00e3o municipal. A lei tamb\u00e9m prev\u00ea que obras iniciadas sem a devida licen\u00e7a, em \u00e1reas de dom\u00ednio p\u00fablico ou que ofere\u00e7am iminente risco de desabamento, poder\u00e3o ser demolidas pela Prefeitura.<\/p>\n","protected":false},"excerpt":{"rendered":"<p>A Prefeitura de Salvador realiza, nesta sexta-feira (2), uma opera\u00e7\u00e3o conjunta para retirada de constru\u00e7\u00f5es irregulares na \u00e1rea embaixo do viaduto da Via Expressa, pr\u00f3xima ao Mercado Popular de \u00c1gua de Meninos. Coordenada pela Secretaria Municipal de Promo\u00e7\u00e3o Social, Combate \u00e0 Pobreza, Esporte e Lazer (Sempre), a a\u00e7\u00e3o envolve as secretarias de Ordem P\u00fablica (Semop) [&hellip;]<\/p>\n","protected":false},"author":1,"featured_media":12719,"comment_status":"open","ping_status":"closed","sticky":false,"template":"","format":"standard","meta":{"jnews-multi-image_gallery":[],"jnews_single_post":[],"jnews_primary_category":[],"footnotes":""},"categories":[140],"tags":[],"class_list":["post-12717","post","type-post","status-publish","format-standard","has-post-thumbnail","hentry","category-prefeitura-de-salvador"],"_links":{"self":[{"href":"https:\/\/cbxonline.com.br\/index.php\/wp-json\/wp\/v2\/posts\/12717","targetHints":{"allow":["GET"]}}],"collection":[{"href":"https:\/\/cbxonline.com.br\/index.php\/wp-json\/wp\/v2\/posts"}],"about":[{"href":"https:\/\/cbxonline.com.br\/index.php\/wp-json\/wp\/v2\/types\/post"}],"author":[{"embeddable":true,"href":"https:\/\/cbxonline.com.br\/index.php\/wp-json\/wp\/v2\/users\/1"}],"replies":[{"embeddable":true,"href":"https:\/\/cbxonline.com.br\/index.php\/wp-json\/wp\/v2\/comments?post=12717"}],"version-history":[{"count":1,"href":"https:\/\/cbxonline.com.br\/index.php\/wp-json\/wp\/v2\/posts\/12717\/revisions"}],"predecessor-version":[{"id":12718,"href":"https:\/\/cbxonline.com.br\/index.php\/wp-json\/wp\/v2\/posts\/12717\/revisions\/12718"}],"wp:featuredmedia":[{"embeddable":true,"href":"https:\/\/cbxonline.com.br\/index.php\/wp-json\/wp\/v2\/media\/12719"}],"wp:attachment":[{"href":"https:\/\/cbxonline.com.br\/index.php\/wp-json\/wp\/v2\/media?parent=12717"}],"wp:term":[{"taxonomy":"category","embeddable":true,"href":"https:\/\/cbxonline.com.br\/index.php\/wp-json\/wp\/v2\/categories?post=12717"},{"taxonomy":"post_tag","embeddable":true,"href":"https:\/\/cbxonline.com.br\/index.php\/wp-json\/wp\/v2\/tags?post=12717"}],"curies":[{"name":"wp","href":"https:\/\/api.w.org\/{rel}","templated":true}]}}