{"id":12703,"date":"2025-04-30T08:48:04","date_gmt":"2025-04-30T11:48:04","guid":{"rendered":"https:\/\/cbxonline.com.br\/?p=12703"},"modified":"2025-04-30T08:48:05","modified_gmt":"2025-04-30T11:48:05","slug":"jeronimo-quer-servico-de-qualidade-com-preco-acessivel-do-vlt-para-populacao","status":"publish","type":"post","link":"https:\/\/cbxonline.com.br\/index.php\/2025\/04\/30\/jeronimo-quer-servico-de-qualidade-com-preco-acessivel-do-vlt-para-populacao\/","title":{"rendered":"Jer\u00f4nimo quer servi\u00e7o de qualidade com \u2018pre\u00e7o acess\u00edvel\u2019 do VLT para popula\u00e7\u00e3o"},"content":{"rendered":"<p>O governador da Bahia, Jer\u00f4nimo Rodrigues (PT), quer que o Ve\u00edculo Leve sobre Trilhos (VLT) de Salvador ofere\u00e7a um servi\u00e7o de qualidade com pre\u00e7o acess\u00edvel para a popula\u00e7\u00e3o. A declara\u00e7\u00e3o foi dada na manh\u00e3 desta quarta-feira (30).<\/p>\n<div class=\"conteudo_post\">\n<p>\u201cOntem [ter\u00e7a-feira (29)], inclusive, fizemos uma visita da Esta\u00e7\u00e3o da Cal\u00e7ada at\u00e9 \u00c1guas Claras, criando mais op\u00e7\u00f5es e oportunidades de melhorar a mobilidade do munic\u00edpio. Vimos durante o percurso, a intera\u00e7\u00e3o que existe entre o metr\u00f4, entre os \u00f4nibus interestadual e ainda o VLT, metr\u00f4, trem, os motociclistas, tudo na intera\u00e7\u00e3o. Espero que a gente possa oferecer um servi\u00e7o de qualidade, oferecer um servi\u00e7o moderno, mas com pre\u00e7o acess\u00edvel\u201d, afirmou.<\/p>\n<p>A visita ocorreu durante a tarde desta ter\u00e7a. Na ocasi\u00e3o, Jer\u00f4nimo prometeu entregar o VLT at\u00e9 o segundo semestre de 2026. Al\u00e9m disso, o chefe do Executivo baiano assinou uma ordem de servi\u00e7o que autoriza o in\u00edcio da reforma da Antiga Esta\u00e7\u00e3o da Cal\u00e7ada.<\/p>\n<\/div>\n<div class=\"ui divider\"><\/div>\n<div class=\"ui items\">\n<div class=\"item\"><\/div>\n<\/div>\n","protected":false},"excerpt":{"rendered":"<p>O governador da Bahia, Jer\u00f4nimo Rodrigues (PT), quer que o Ve\u00edculo Leve sobre Trilhos (VLT) de Salvador ofere\u00e7a um servi\u00e7o de qualidade com pre\u00e7o acess\u00edvel para a popula\u00e7\u00e3o. A declara\u00e7\u00e3o foi dada na manh\u00e3 desta quarta-feira (30). \u201cOntem [ter\u00e7a-feira (29)], inclusive, fizemos uma visita da Esta\u00e7\u00e3o da Cal\u00e7ada at\u00e9 \u00c1guas Claras, criando mais op\u00e7\u00f5es e [&hellip;]<\/p>\n","protected":false},"author":1,"featured_media":12705,"comment_status":"open","ping_status":"closed","sticky":false,"template":"","format":"standard","meta":{"jnews-multi-image_gallery":[],"jnews_single_post":[],"jnews_primary_category":[],"footnotes":""},"categories":[85],"tags":[],"class_list":["post-12703","post","type-post","status-publish","format-standard","has-post-thumbnail","hentry","category-noticias"],"_links":{"self":[{"href":"https:\/\/cbxonline.com.br\/index.php\/wp-json\/wp\/v2\/posts\/12703","targetHints":{"allow":["GET"]}}],"collection":[{"href":"https:\/\/cbxonline.com.br\/index.php\/wp-json\/wp\/v2\/posts"}],"about":[{"href":"https:\/\/cbxonline.com.br\/index.php\/wp-json\/wp\/v2\/types\/post"}],"author":[{"embeddable":true,"href":"https:\/\/cbxonline.com.br\/index.php\/wp-json\/wp\/v2\/users\/1"}],"replies":[{"embeddable":true,"href":"https:\/\/cbxonline.com.br\/index.php\/wp-json\/wp\/v2\/comments?post=12703"}],"version-history":[{"count":1,"href":"https:\/\/cbxonline.com.br\/index.php\/wp-json\/wp\/v2\/posts\/12703\/revisions"}],"predecessor-version":[{"id":12704,"href":"https:\/\/cbxonline.com.br\/index.php\/wp-json\/wp\/v2\/posts\/12703\/revisions\/12704"}],"wp:featuredmedia":[{"embeddable":true,"href":"https:\/\/cbxonline.com.br\/index.php\/wp-json\/wp\/v2\/media\/12705"}],"wp:attachment":[{"href":"https:\/\/cbxonline.com.br\/index.php\/wp-json\/wp\/v2\/media?parent=12703"}],"wp:term":[{"taxonomy":"category","embeddable":true,"href":"https:\/\/cbxonline.com.br\/index.php\/wp-json\/wp\/v2\/categories?post=12703"},{"taxonomy":"post_tag","embeddable":true,"href":"https:\/\/cbxonline.com.br\/index.php\/wp-json\/wp\/v2\/tags?post=12703"}],"curies":[{"name":"wp","href":"https:\/\/api.w.org\/{rel}","templated":true}]}}