{"id":12526,"date":"2025-04-11T17:09:01","date_gmt":"2025-04-11T20:09:01","guid":{"rendered":"https:\/\/cbxonline.com.br\/?p=12526"},"modified":"2025-04-11T17:09:01","modified_gmt":"2025-04-11T20:09:01","slug":"vandalismo-e-furtos-de-mudas-viram-rotina-em-areas-publicas","status":"publish","type":"post","link":"https:\/\/cbxonline.com.br\/index.php\/2025\/04\/11\/vandalismo-e-furtos-de-mudas-viram-rotina-em-areas-publicas\/","title":{"rendered":"Vandalismo e furtos de mudas viram rotina em \u00e1reas p\u00fablicas"},"content":{"rendered":"<p>Diversas \u00e1reas de Salvador, a exemplo do Campo Grande e da Barra, est\u00e3o sendo alvos de vandalismo e furtos de mudas de plantas. O que era para contribuir com o paisagismo e a preserva\u00e7\u00e3o ambiental da cidade est\u00e1 virando alvo de criminosos que arrancam ou danificam as \u00e1rvores rec\u00e9m-plantadas.<\/p>\n<p>Os furtos t\u00eam comprometido a\u00e7\u00f5es de arboriza\u00e7\u00e3o realizadas em espa\u00e7os p\u00fablicos, principalmente em canteiros e pra\u00e7as. Al\u00e9m do impacto ambiental e do preju\u00edzo ao patrim\u00f4nio coletivo, essa pr\u00e1tica configura crime ambiental.<\/p>\n<p>Em entrevista ao Informe Baiano, o secret\u00e1rio de Sustentabilidade, Resili\u00eancia, Bem-estar e Prote\u00e7\u00e3o Animal (Secis), Ivan Euler, alertou para os danos causados por esse tipo de a\u00e7\u00e3o.<\/p>\n<p>\u201cInfelizmente, temos enfrentado um desafio s\u00e9rio com o roubo e a depreda\u00e7\u00e3o de mudas plantadas em diversos pontos da cidade. Essas a\u00e7\u00f5es n\u00e3o apenas causam preju\u00edzos financeiros, mas tamb\u00e9m comprometem os esfor\u00e7os da Prefeitura para ampliar as \u00e1reas verdes, melhorar o microclima urbano e promover mais qualidade de vida para a popula\u00e7\u00e3o. \u00c9 fundamental que a popula\u00e7\u00e3o compreenda que cuidar dessas mudas \u00e9 cuidar da nossa pr\u00f3pria cidade. A participa\u00e7\u00e3o da comunidade \u00e9 essencial para preservarmos o verde de Salvador\u201d, destacou.<\/p>\n<p>Segundo a lei federal n\u00ba 9.605, destruir, danificar ou maltratar plantas de ornamenta\u00e7\u00e3o em locais p\u00fablicos ou propriedades privadas pode resultar em deten\u00e7\u00e3o de tr\u00eas meses a um ano, al\u00e9m de multa.<\/p>\n<p>O crime \u00e9 considerado de menor potencial ofensivo, mas pode levar o autor direto para o juizado especial. Se for condenado, o infrator pode ficar proibido de cometer novos delitos ambientais por at\u00e9 cinco anos \u2014 e, se reincidir, ser\u00e1 punido tamb\u00e9m pelo crime anterior.<\/p>\n<p>A orienta\u00e7\u00e3o \u00e9 que a popula\u00e7\u00e3o denuncie essas pr\u00e1ticas por meio da Guarda Civil Municipal, \u00f3rg\u00e3os ambientais ou diretamente nas delegacias. Cuidar do que \u00e9 p\u00fablico \u00e9 um dever coletivo \u2014 e o Informe Baiano seguir\u00e1 acompanhando e denunciando esses casos.<\/p>\n<p>&nbsp;<\/p>\n","protected":false},"excerpt":{"rendered":"<p>Diversas \u00e1reas de Salvador, a exemplo do Campo Grande e da Barra, est\u00e3o sendo alvos de vandalismo e furtos de mudas de plantas. O que era para contribuir com o paisagismo e a preserva\u00e7\u00e3o ambiental da cidade est\u00e1 virando alvo de criminosos que arrancam ou danificam as \u00e1rvores rec\u00e9m-plantadas. Os furtos t\u00eam comprometido a\u00e7\u00f5es de [&hellip;]<\/p>\n","protected":false},"author":1,"featured_media":12528,"comment_status":"open","ping_status":"closed","sticky":false,"template":"","format":"standard","meta":{"jnews-multi-image_gallery":[],"jnews_single_post":[],"jnews_primary_category":[],"footnotes":""},"categories":[139],"tags":[],"class_list":["post-12526","post","type-post","status-publish","format-standard","has-post-thumbnail","hentry","category-furto"],"_links":{"self":[{"href":"https:\/\/cbxonline.com.br\/index.php\/wp-json\/wp\/v2\/posts\/12526","targetHints":{"allow":["GET"]}}],"collection":[{"href":"https:\/\/cbxonline.com.br\/index.php\/wp-json\/wp\/v2\/posts"}],"about":[{"href":"https:\/\/cbxonline.com.br\/index.php\/wp-json\/wp\/v2\/types\/post"}],"author":[{"embeddable":true,"href":"https:\/\/cbxonline.com.br\/index.php\/wp-json\/wp\/v2\/users\/1"}],"replies":[{"embeddable":true,"href":"https:\/\/cbxonline.com.br\/index.php\/wp-json\/wp\/v2\/comments?post=12526"}],"version-history":[{"count":1,"href":"https:\/\/cbxonline.com.br\/index.php\/wp-json\/wp\/v2\/posts\/12526\/revisions"}],"predecessor-version":[{"id":12527,"href":"https:\/\/cbxonline.com.br\/index.php\/wp-json\/wp\/v2\/posts\/12526\/revisions\/12527"}],"wp:featuredmedia":[{"embeddable":true,"href":"https:\/\/cbxonline.com.br\/index.php\/wp-json\/wp\/v2\/media\/12528"}],"wp:attachment":[{"href":"https:\/\/cbxonline.com.br\/index.php\/wp-json\/wp\/v2\/media?parent=12526"}],"wp:term":[{"taxonomy":"category","embeddable":true,"href":"https:\/\/cbxonline.com.br\/index.php\/wp-json\/wp\/v2\/categories?post=12526"},{"taxonomy":"post_tag","embeddable":true,"href":"https:\/\/cbxonline.com.br\/index.php\/wp-json\/wp\/v2\/tags?post=12526"}],"curies":[{"name":"wp","href":"https:\/\/api.w.org\/{rel}","templated":true}]}}