{"id":12513,"date":"2025-04-10T15:11:29","date_gmt":"2025-04-10T18:11:29","guid":{"rendered":"https:\/\/cbxonline.com.br\/?p=12513"},"modified":"2025-04-10T15:11:30","modified_gmt":"2025-04-10T18:11:30","slug":"inscricoes-para-forum-neurodiversidade-em-acao-seguem-abertas-ate-esta-quinta-10","status":"publish","type":"post","link":"https:\/\/cbxonline.com.br\/index.php\/2025\/04\/10\/inscricoes-para-forum-neurodiversidade-em-acao-seguem-abertas-ate-esta-quinta-10\/","title":{"rendered":"Inscri\u00e7\u00f5es para F\u00f3rum Neurodiversidade em A\u00e7\u00e3o seguem abertas at\u00e9 esta quinta (10)"},"content":{"rendered":"<p>Os interessados em participar do F\u00f3rum Neurodiversidade em A\u00e7\u00e3o, que acontece nesta sexta-feira (11), das 8h \u00e0s 17h, no audit\u00f3rio do Parque Social, no Parque da Cidade, no Itaigara, podem se inscrever at\u00e9 esta quinta-feira (10), por meio do link\u00a0https:\/\/forms.gle\/<wbr \/>WTyVMworaG9Gjgyp7. A atividade \u00e9 gratuita.<\/p>\n<p>O evento reunir\u00e1 profissionais para dialogar sobre o tema em diferentes contextos, como educa\u00e7\u00e3o, inclus\u00e3o social, tecnologia, dentre outros. A inten\u00e7\u00e3o \u00e9 fortalecer a rede de apoio, promover aprendizados, trocar experi\u00eancias e pr\u00e1ticas inclusivas ao disseminar conhecimentos relativos \u00e0 neurodiversidade.<\/p>\n<p>O encontro ter\u00e1 a participa\u00e7\u00e3o da diretora-geral do Parque Social, Sandra Paranhos, profissionais e representantes de institui\u00e7\u00f5es voltadas \u00e0 luta pelos direitos das pessoas neurot\u00edpicas. \u201cO f\u00f3rum sobre neurodiversidade \u00e9 mais do que relevante, haja vista o aumento em 50% de diagn\u00f3sticos entre a popula\u00e7\u00e3o at\u00edpica. N\u00e3o podia uma institui\u00e7\u00e3o como o Parque Social deixar de contribuir para que fam\u00edlias, estudantes da \u00e1rea e profissionais tenham um espa\u00e7o para discuss\u00f5es, reflex\u00f5es e aprendizados\u201d, ressalta Sandra.<\/p>\n<p>O f\u00f3rum contar\u00e1 ainda com oficinas e palestras de forma simult\u00e2nea, propiciando debates, din\u00e2micas e grupos de trabalho, de acordo com a \u00e1rea escolhida pelo participante. As oficinas incluem temas como neurotipia, pr\u00e1ticas pedag\u00f3gicas inclusivas, apoio psicossocial e capacita\u00e7\u00e3o para fam\u00edlias at\u00edpicas.<\/p>\n<p>As tr\u00eas palestras agendadas abordam os temas \u201cO Servi\u00e7o Social na Interse\u00e7\u00e3o da Neurodiversidade e da Justi\u00e7a Social\u201d, que ser\u00e1 proferida pela assistente social e membro do Conselho profissional do CRESS-BA, Joelma de Jesus; \u201cDesvendando a S\u00edndrome de Irlen e seus impactos na aprendizagem\u201d, pela professora e mestre em hist\u00f3ria social, Luciana Onety; e \u201cNeurodiverg\u00eancia e o Futuro da Inclus\u00e3o\u201d, conduzida pelo educador e fil\u00f3sofo Nenrod Douglas, pai de um jovem neurodivergente.<\/p>\n","protected":false},"excerpt":{"rendered":"<p>Os interessados em participar do F\u00f3rum Neurodiversidade em A\u00e7\u00e3o, que acontece nesta sexta-feira (11), das 8h \u00e0s 17h, no audit\u00f3rio do Parque Social, no Parque da Cidade, no Itaigara, podem se inscrever at\u00e9 esta quinta-feira (10), por meio do link\u00a0https:\/\/forms.gle\/WTyVMworaG9Gjgyp7. A atividade \u00e9 gratuita. O evento reunir\u00e1 profissionais para dialogar sobre o tema em diferentes [&hellip;]<\/p>\n","protected":false},"author":1,"featured_media":12515,"comment_status":"open","ping_status":"closed","sticky":false,"template":"","format":"standard","meta":{"jnews-multi-image_gallery":[],"jnews_single_post":[],"jnews_primary_category":[],"footnotes":""},"categories":[137],"tags":[],"class_list":["post-12513","post","type-post","status-publish","format-standard","has-post-thumbnail","hentry","category-forum-neurodiversidade"],"_links":{"self":[{"href":"https:\/\/cbxonline.com.br\/index.php\/wp-json\/wp\/v2\/posts\/12513","targetHints":{"allow":["GET"]}}],"collection":[{"href":"https:\/\/cbxonline.com.br\/index.php\/wp-json\/wp\/v2\/posts"}],"about":[{"href":"https:\/\/cbxonline.com.br\/index.php\/wp-json\/wp\/v2\/types\/post"}],"author":[{"embeddable":true,"href":"https:\/\/cbxonline.com.br\/index.php\/wp-json\/wp\/v2\/users\/1"}],"replies":[{"embeddable":true,"href":"https:\/\/cbxonline.com.br\/index.php\/wp-json\/wp\/v2\/comments?post=12513"}],"version-history":[{"count":1,"href":"https:\/\/cbxonline.com.br\/index.php\/wp-json\/wp\/v2\/posts\/12513\/revisions"}],"predecessor-version":[{"id":12514,"href":"https:\/\/cbxonline.com.br\/index.php\/wp-json\/wp\/v2\/posts\/12513\/revisions\/12514"}],"wp:featuredmedia":[{"embeddable":true,"href":"https:\/\/cbxonline.com.br\/index.php\/wp-json\/wp\/v2\/media\/12515"}],"wp:attachment":[{"href":"https:\/\/cbxonline.com.br\/index.php\/wp-json\/wp\/v2\/media?parent=12513"}],"wp:term":[{"taxonomy":"category","embeddable":true,"href":"https:\/\/cbxonline.com.br\/index.php\/wp-json\/wp\/v2\/categories?post=12513"},{"taxonomy":"post_tag","embeddable":true,"href":"https:\/\/cbxonline.com.br\/index.php\/wp-json\/wp\/v2\/tags?post=12513"}],"curies":[{"name":"wp","href":"https:\/\/api.w.org\/{rel}","templated":true}]}}