{"id":12476,"date":"2025-04-08T14:07:32","date_gmt":"2025-04-08T17:07:32","guid":{"rendered":"https:\/\/cbxonline.com.br\/?p=12476"},"modified":"2025-04-08T14:07:33","modified_gmt":"2025-04-08T17:07:33","slug":"viradao-mercado-do-peixe-tem-horarios-especiais-a-partir-do-dia-14","status":"publish","type":"post","link":"https:\/\/cbxonline.com.br\/index.php\/2025\/04\/08\/viradao-mercado-do-peixe-tem-horarios-especiais-a-partir-do-dia-14\/","title":{"rendered":"Virad\u00e3o: Mercado do Peixe tem hor\u00e1rios especiais a partir do dia 14"},"content":{"rendered":"<p>De olho nas compras de pescados para a Semana Santa, o Mercado do Peixe vai ampliar o hor\u00e1rio de funcionamento na pr\u00f3xima semana. Entre segunda-feira (14) e quarta-feira (16), o espa\u00e7o vai funcionar das 4h at\u00e9 as 19h.<\/p>\n<div class=\"flex flex-col w-full font-normal text-[18px] leading-[30px] text-tw-theme-text-default\">\n<p id=\"paragrafo-2kdp7cdhsj\">J\u00e1 das 4h de quinta-feira (17) at\u00e9 \u00e0s 13h de Sexta-feira da Paix\u00e3o (18), de maneira ininterrupta, acontece o Virad\u00e3o de 33 horas do mercado. A iniciativa criada pela Prefeitura de Salvador, atrav\u00e9s da Secretaria Municipal de Ordem P\u00fablica (Semop), visa permitir que os consumidores tenham mais tempo para fazer as compras para a P\u00e1scoa.<\/p>\n<\/div>\n<div class=\"flex flex-col w-full font-normal text-[18px] leading-[30px] text-tw-theme-text-default\">\n<p id=\"paragrafo-itj311zg5t\">\u201cSabemos que a procura por pescados e mariscos aumenta muito nesta \u00e9poca. Colocamos nosso time no mercado, para que a popula\u00e7\u00e3o possa realizar suas compras com conforto, num espa\u00e7o limpo, organizado, iluminado e que tradicionalmente tem os pre\u00e7os mais acess\u00edveis\u201d, destaca Decio Martins, Secret\u00e1rio de Ordem P\u00fablica.<\/p>\n<\/div>\n<div class=\"flex flex-col w-full font-normal text-[18px] leading-[30px] text-tw-theme-text-default\">\n<p id=\"paragrafo-ef7ny9irt8\">Al\u00e9m disso, 350 aventais ser\u00e3o distribu\u00eddos para os permission\u00e1rios, que ir\u00e3o trabalhar de forma organizada e padronizada. A Semop tamb\u00e9m realizou servi\u00e7os de manuten\u00e7\u00e3o e limpeza, com pintura e refor\u00e7o de ilumina\u00e7\u00e3o, em parceria com a Secretaria de Manuten\u00e7\u00e3o (Seman) e Diretoria de Ilumina\u00e7\u00e3o (Dsip). Equipes da Limpurb fazem a lavagem do equipamento todos os dias.<\/p>\n<div class=\"flex flex-col w-full font-normal text-[18px] leading-[30px] text-tw-theme-text-default\">\n<p id=\"paragrafo-xr844fy1ou\">Outros mercados municipais tamb\u00e9m v\u00e3o ter hor\u00e1rios especiais. O N\u00facleo de Abastecimento, Com\u00e9rcio e Servi\u00e7os (Nacs) Itapu\u00e3, que fica na Rua Genebaldo Figueiredo (atr\u00e1s da delegacia), funcionar\u00e1 das 6h \u00e0s 14h na segunda (14), das 6h \u00e0s 19h de ter\u00e7a (15) a quinta (17), e das 6h \u00e0s 18h na sexta (18).<\/p>\n<\/div>\n<div class=\"flex flex-col w-full font-normal text-[18px] leading-[30px] text-tw-theme-text-default\">\n<p id=\"paragrafo-w2gzcunvjm\">J\u00e1 o Nacs de Periperi, situado na Rua Ambr\u00f3sio Calmon &#8211; s\/n, na segunda (14), funcionar\u00e1 das 6h \u00e0s 13, na ter\u00e7a (15), das 6h \u00e0s 17h, na quarta (16) e quinta (17) ser\u00e1 das 5h30 \u00e0s 18h, e na sexta (18), das 5h \u00e0s 13h.<\/p>\n<\/div>\n<div class=\"flex flex-col w-full font-normal text-[18px] leading-[30px] text-tw-theme-text-default\">\n<p id=\"paragrafo-xglb8m1poq\">O Mercado de Itapu\u00e3 funcionar\u00e1 das 6h \u00e0s 19h de segunda (14) a quinta (17). Na sexta (18), as peixarias fechar\u00e3o \u00e0s 12h e os bares \u00e0s 17h.<\/p>\n<\/div>\n<\/div>\n","protected":false},"excerpt":{"rendered":"<p>De olho nas compras de pescados para a Semana Santa, o Mercado do Peixe vai ampliar o hor\u00e1rio de funcionamento na pr\u00f3xima semana. Entre segunda-feira (14) e quarta-feira (16), o espa\u00e7o vai funcionar das 4h at\u00e9 as 19h. J\u00e1 das 4h de quinta-feira (17) at\u00e9 \u00e0s 13h de Sexta-feira da Paix\u00e3o (18), de maneira ininterrupta, [&hellip;]<\/p>\n","protected":false},"author":1,"featured_media":12478,"comment_status":"open","ping_status":"closed","sticky":false,"template":"","format":"standard","meta":{"jnews-multi-image_gallery":[],"jnews_single_post":[],"jnews_primary_category":[],"footnotes":""},"categories":[124],"tags":[],"class_list":["post-12476","post","type-post","status-publish","format-standard","has-post-thumbnail","hentry","category-semana-santa"],"_links":{"self":[{"href":"https:\/\/cbxonline.com.br\/index.php\/wp-json\/wp\/v2\/posts\/12476","targetHints":{"allow":["GET"]}}],"collection":[{"href":"https:\/\/cbxonline.com.br\/index.php\/wp-json\/wp\/v2\/posts"}],"about":[{"href":"https:\/\/cbxonline.com.br\/index.php\/wp-json\/wp\/v2\/types\/post"}],"author":[{"embeddable":true,"href":"https:\/\/cbxonline.com.br\/index.php\/wp-json\/wp\/v2\/users\/1"}],"replies":[{"embeddable":true,"href":"https:\/\/cbxonline.com.br\/index.php\/wp-json\/wp\/v2\/comments?post=12476"}],"version-history":[{"count":1,"href":"https:\/\/cbxonline.com.br\/index.php\/wp-json\/wp\/v2\/posts\/12476\/revisions"}],"predecessor-version":[{"id":12477,"href":"https:\/\/cbxonline.com.br\/index.php\/wp-json\/wp\/v2\/posts\/12476\/revisions\/12477"}],"wp:featuredmedia":[{"embeddable":true,"href":"https:\/\/cbxonline.com.br\/index.php\/wp-json\/wp\/v2\/media\/12478"}],"wp:attachment":[{"href":"https:\/\/cbxonline.com.br\/index.php\/wp-json\/wp\/v2\/media?parent=12476"}],"wp:term":[{"taxonomy":"category","embeddable":true,"href":"https:\/\/cbxonline.com.br\/index.php\/wp-json\/wp\/v2\/categories?post=12476"},{"taxonomy":"post_tag","embeddable":true,"href":"https:\/\/cbxonline.com.br\/index.php\/wp-json\/wp\/v2\/tags?post=12476"}],"curies":[{"name":"wp","href":"https:\/\/api.w.org\/{rel}","templated":true}]}}