{"id":12447,"date":"2025-04-07T16:18:33","date_gmt":"2025-04-07T19:18:33","guid":{"rendered":"https:\/\/cbxonline.com.br\/?p=12447"},"modified":"2025-04-07T16:18:33","modified_gmt":"2025-04-07T19:18:33","slug":"patrulha-escolar-da-gcm-promove-acao-de-combate-ao-bullying-em-escola-municipal-na-ribeira","status":"publish","type":"post","link":"https:\/\/cbxonline.com.br\/index.php\/2025\/04\/07\/patrulha-escolar-da-gcm-promove-acao-de-combate-ao-bullying-em-escola-municipal-na-ribeira\/","title":{"rendered":"Patrulha Escolar da GCM promove a\u00e7\u00e3o de combate ao bullying em escola municipal na Ribeira"},"content":{"rendered":"<p>A Prefeitura de Salvador, por meio da Patrulha Escolar da Guarda Civil Municipal (GCM), realizou nesta segunda-feira (7), Dia Nacional de Combate ao Bullying e \u00e0 Viol\u00eancia na Escola, uma a\u00e7\u00e3o educativa na Escola Municipal Alfredo Amorim, na Ribeira. A atividade integra o programa Anti-Bullying, que tem como foco a preven\u00e7\u00e3o e conscientiza\u00e7\u00e3o sobre as consequ\u00eancias do bullying no ambiente escolar.<\/p>\n<p>A data \u00e9 dedicada \u00e0 reflex\u00e3o sobre as causas e impactos da pr\u00e1tica que pode gerar danos \u00e0 sa\u00fade emocional, social e acad\u00eamica de crian\u00e7as e adolescentes. Diante disso, o programa da GCM busca atuar de forma cont\u00ednua e estruturada contra o problema nas escolas da rede municipal, promovendo atividades l\u00fadicas, capacita\u00e7\u00e3o de professores e suporte \u00e0s v\u00edtimas e agressores.<\/p>\n<p>De acordo com o coordenador da Patrulha Escolar da GCM, Ubirajara Azevedo, o trabalho desenvolvido tem como base a chamada \u201cpreven\u00e7\u00e3o prim\u00e1ria\u201d, voltada para crian\u00e7as da Educa\u00e7\u00e3o Infantil e do Ensino Fundamental I. \u201c\u00c9 um dia muito especial, um dia de conscientiza\u00e7\u00e3o e de preven\u00e7\u00e3o ao bullying. N\u00f3s estamos dando a nossa colabora\u00e7\u00e3o no sentido de trazer essa consci\u00eancia a todas as crian\u00e7as. Come\u00e7amos a desenvolver nelas essa consci\u00eancia, para que entendam que tudo que faz mal ao outro \u2014 que humilha, que ataca, seja por viol\u00eancia f\u00edsica ou verbal \u2014 n\u00e3o pode ser praticado\u201d, explicou.<\/p>\n<p>\u201cToda essa parte l\u00fadica que utilizamos dentro do nosso projeto tem o objetivo de conscientizar as crian\u00e7as de que n\u00e3o se pode maltratar, humilhar ou ofender o outro. Partimos do princ\u00edpio de que a preven\u00e7\u00e3o prim\u00e1ria \u00e9 fundamental, para que, quando crescerem e estiverem juntas na sala de aula, entendam que um deve respeitar o outro\u201d, acrescentou Azevedo.<\/p>\n<p>O coordenador falou ainda que o programa vai al\u00e9m de a\u00e7\u00f5es pontuais. \u201cEntendemos que uma palestra ou uma apresenta\u00e7\u00e3o isolada n\u00e3o resolve o problema do bullying. Nosso programa Anti-Bullying inclui, inclusive, um curso que estamos disponibilizando para as escolas. Com ele, buscamos oferecer capacita\u00e7\u00e3o tanto para as crian\u00e7as v\u00edtimas quanto para aquelas que praticam o bullying. Estamos desenvolvendo esse curso para ser utilizado durante todo o ano\u201d, declarou.<\/p>\n<p>\u201cTamb\u00e9m temos uma forma\u00e7\u00e3o de 20 horas voltada para os professores, para que entendam como podem reduzir a incid\u00eancia de bullying sem se expor, mostrando que o professor tamb\u00e9m faz parte da comunidade escolar, e que \u00e9 respons\u00e1vel por ensinar, orientar e conscientizar cada aluno sob sua tutela\u201d, emendou o coordenador da GCM.<\/p>\n","protected":false},"excerpt":{"rendered":"<p>A Prefeitura de Salvador, por meio da Patrulha Escolar da Guarda Civil Municipal (GCM), realizou nesta segunda-feira (7), Dia Nacional de Combate ao Bullying e \u00e0 Viol\u00eancia na Escola, uma a\u00e7\u00e3o educativa na Escola Municipal Alfredo Amorim, na Ribeira. A atividade integra o programa Anti-Bullying, que tem como foco a preven\u00e7\u00e3o e conscientiza\u00e7\u00e3o sobre as [&hellip;]<\/p>\n","protected":false},"author":1,"featured_media":12449,"comment_status":"open","ping_status":"closed","sticky":false,"template":"","format":"standard","meta":{"jnews-multi-image_gallery":[],"jnews_single_post":[],"jnews_primary_category":[],"footnotes":""},"categories":[106],"tags":[],"class_list":["post-12447","post","type-post","status-publish","format-standard","has-post-thumbnail","hentry","category-educacao"],"_links":{"self":[{"href":"https:\/\/cbxonline.com.br\/index.php\/wp-json\/wp\/v2\/posts\/12447","targetHints":{"allow":["GET"]}}],"collection":[{"href":"https:\/\/cbxonline.com.br\/index.php\/wp-json\/wp\/v2\/posts"}],"about":[{"href":"https:\/\/cbxonline.com.br\/index.php\/wp-json\/wp\/v2\/types\/post"}],"author":[{"embeddable":true,"href":"https:\/\/cbxonline.com.br\/index.php\/wp-json\/wp\/v2\/users\/1"}],"replies":[{"embeddable":true,"href":"https:\/\/cbxonline.com.br\/index.php\/wp-json\/wp\/v2\/comments?post=12447"}],"version-history":[{"count":1,"href":"https:\/\/cbxonline.com.br\/index.php\/wp-json\/wp\/v2\/posts\/12447\/revisions"}],"predecessor-version":[{"id":12448,"href":"https:\/\/cbxonline.com.br\/index.php\/wp-json\/wp\/v2\/posts\/12447\/revisions\/12448"}],"wp:featuredmedia":[{"embeddable":true,"href":"https:\/\/cbxonline.com.br\/index.php\/wp-json\/wp\/v2\/media\/12449"}],"wp:attachment":[{"href":"https:\/\/cbxonline.com.br\/index.php\/wp-json\/wp\/v2\/media?parent=12447"}],"wp:term":[{"taxonomy":"category","embeddable":true,"href":"https:\/\/cbxonline.com.br\/index.php\/wp-json\/wp\/v2\/categories?post=12447"},{"taxonomy":"post_tag","embeddable":true,"href":"https:\/\/cbxonline.com.br\/index.php\/wp-json\/wp\/v2\/tags?post=12447"}],"curies":[{"name":"wp","href":"https:\/\/api.w.org\/{rel}","templated":true}]}}