{"id":12444,"date":"2025-04-07T09:23:15","date_gmt":"2025-04-07T12:23:15","guid":{"rendered":"https:\/\/cbxonline.com.br\/?p=12444"},"modified":"2025-04-07T09:23:15","modified_gmt":"2025-04-07T12:23:15","slug":"homem-e-baleado-na-baixa-de-quintas","status":"publish","type":"post","link":"https:\/\/cbxonline.com.br\/index.php\/2025\/04\/07\/homem-e-baleado-na-baixa-de-quintas\/","title":{"rendered":"Homem \u00e9 baleado na Baixa de Quintas"},"content":{"rendered":"<p>Um homem de 38 anos, que n\u00e3o teve a identidade divulgada, foi v\u00edtima de disparos de arma de fogo na noite de domingo (06\/04), na Baixa de Quintas, em Salvador.<\/p>\n<p>A Pol\u00edcia Civil disse ao Informe Baiano que a v\u00edtima foi socorrida pelo Servi\u00e7o de Atendimento M\u00f3vel de Urg\u00eancia e encaminhada para o Hospital Geral do Estado (HGE). N\u00e3o h\u00e1 informa\u00e7\u00e3o sobre seu estado de sa\u00fade.<\/p>\n<p>O policiamento foi intensificado na localidade. A ocorr\u00eancia foi registrada pelo Departamento de Homic\u00eddios e Prote\u00e7\u00e3o \u00e0 Pessoa (DHPP), que investiga o caso como tentativa de homic\u00eddio.<\/p>\n","protected":false},"excerpt":{"rendered":"<p>Um homem de 38 anos, que n\u00e3o teve a identidade divulgada, foi v\u00edtima de disparos de arma de fogo na noite de domingo (06\/04), na Baixa de Quintas, em Salvador. A Pol\u00edcia Civil disse ao Informe Baiano que a v\u00edtima foi socorrida pelo Servi\u00e7o de Atendimento M\u00f3vel de Urg\u00eancia e encaminhada para o Hospital Geral [&hellip;]<\/p>\n","protected":false},"author":1,"featured_media":12446,"comment_status":"open","ping_status":"closed","sticky":false,"template":"","format":"standard","meta":{"jnews-multi-image_gallery":[],"jnews_single_post":[],"jnews_primary_category":[],"footnotes":""},"categories":[83],"tags":[],"class_list":["post-12444","post","type-post","status-publish","format-standard","has-post-thumbnail","hentry","category-seguranca"],"_links":{"self":[{"href":"https:\/\/cbxonline.com.br\/index.php\/wp-json\/wp\/v2\/posts\/12444","targetHints":{"allow":["GET"]}}],"collection":[{"href":"https:\/\/cbxonline.com.br\/index.php\/wp-json\/wp\/v2\/posts"}],"about":[{"href":"https:\/\/cbxonline.com.br\/index.php\/wp-json\/wp\/v2\/types\/post"}],"author":[{"embeddable":true,"href":"https:\/\/cbxonline.com.br\/index.php\/wp-json\/wp\/v2\/users\/1"}],"replies":[{"embeddable":true,"href":"https:\/\/cbxonline.com.br\/index.php\/wp-json\/wp\/v2\/comments?post=12444"}],"version-history":[{"count":1,"href":"https:\/\/cbxonline.com.br\/index.php\/wp-json\/wp\/v2\/posts\/12444\/revisions"}],"predecessor-version":[{"id":12445,"href":"https:\/\/cbxonline.com.br\/index.php\/wp-json\/wp\/v2\/posts\/12444\/revisions\/12445"}],"wp:featuredmedia":[{"embeddable":true,"href":"https:\/\/cbxonline.com.br\/index.php\/wp-json\/wp\/v2\/media\/12446"}],"wp:attachment":[{"href":"https:\/\/cbxonline.com.br\/index.php\/wp-json\/wp\/v2\/media?parent=12444"}],"wp:term":[{"taxonomy":"category","embeddable":true,"href":"https:\/\/cbxonline.com.br\/index.php\/wp-json\/wp\/v2\/categories?post=12444"},{"taxonomy":"post_tag","embeddable":true,"href":"https:\/\/cbxonline.com.br\/index.php\/wp-json\/wp\/v2\/tags?post=12444"}],"curies":[{"name":"wp","href":"https:\/\/api.w.org\/{rel}","templated":true}]}}