{"id":12407,"date":"2025-04-03T12:37:44","date_gmt":"2025-04-03T15:37:44","guid":{"rendered":"https:\/\/cbxonline.com.br\/?p=12407"},"modified":"2025-04-03T12:37:44","modified_gmt":"2025-04-03T15:37:44","slug":"risco-de-desabamento-altera-o-trafego-de-veiculos-na-ladeira-da-montanha","status":"publish","type":"post","link":"https:\/\/cbxonline.com.br\/index.php\/2025\/04\/03\/risco-de-desabamento-altera-o-trafego-de-veiculos-na-ladeira-da-montanha\/","title":{"rendered":"Risco de desabamento altera o tr\u00e1fego de ve\u00edculos na Ladeira da Montanha"},"content":{"rendered":"<p>A Ladeira da Montanha ser\u00e1 interditada por tempo indeterminado a partir desta quarta-feira (3). A via liga a Cidade Baixa com a Cidade Alta. Por causa da interdi\u00e7\u00e3o, o transporte ser\u00e1 afetado.<\/p>\n<p>A medida foi solicitada pelo Instituto do Patrim\u00f4nio Hist\u00f3rico e Art\u00edstico Nacional (Iphan). De acordo com o \u00f3rg\u00e3o, a interdi\u00e7\u00e3o \u00e9 necess\u00e1ria devido ao risco de desabamento de parte de um im\u00f3vel tombado no local.<\/p>\n<p>As linhas de \u00f4nibus que trafegam pelo trecho em dire\u00e7\u00e3o \u00e0 Rua Carlos Gomes ter\u00e3o seu itiner\u00e1rio temporariamente alterado. Agora, os ve\u00edculos seguir\u00e3o pelas seguintes vias:<\/p>\n<ul>\n<li>Avenida da Fran\u00e7a<\/li>\n<li>Avenida Lafayette Coutinho<\/li>\n<li>Avenida Reitor Miguel Calmon<\/li>\n<li>Retorno no Viaduto dos Reis Cat\u00f3licos<\/li>\n<\/ul>\n<p>Em seguida, retomar\u00e3o o trajeto habitual pelo Viaduto Menininha do Gantois, Largo do Campo Grande, Rua Forte de S\u00e3o Pedro e Avenida Sete de Setembro, seguindo para a Rua Carlos Gomes.<\/p>\n<p>Para auxiliar os usu\u00e1rios, haver\u00e1 um ponto provis\u00f3rio em frente ao Mercado Modelo, onde j\u00e1 existe uma ba\u00eda para ve\u00edculos tur\u00edsticos. Agentes de tr\u00e2nsito e representantes das concession\u00e1rias estar\u00e3o no local para auxiliar os passageiros durante o per\u00edodo de altera\u00e7\u00e3o.\u00a0As linhas afetadas ser\u00e3o:<\/p>\n<p>0201 \u2013 Ribeira\/Bonfim \u2013 Campo Grande<br \/>\n0205 \u2013 Massaranduba \u2013 Forte de S\u00e3o Pedro<br \/>\n0213 \u2013 Ribeira \u2013 Federa\u00e7\u00e3o<br \/>\n0302 \u2013 Boa Vista de S\u00e3o Caetano\/Capelinha \u2013 Campo Grande<br \/>\n0313 \u2013 Fazenda Grande do Retiro \u2013 Barra<br \/>\n0313-03 \u2013 Fazenda Grande do Retiro \u2013 Campo Grande<br \/>\n0321 \u2013 Marechal Rondon \u2013 Barra<br \/>\n0321-02 \u2013 Marechal Rondon \u2013 Campo Grande<br \/>\n0339 \u2013 Rodovi\u00e1ria Circular R 1<br \/>\n0419 \u2013 Pau Mi\u00fado \u2013 Fran\u00e7a\/Cpo Grande<br \/>\n0720 \u2013 Vale das Pedrinhas \u2013 Vila Rui Barbosa<br \/>\n1125 \u2013 Doron\/Narandiba \u2013 Barra R 1<br \/>\n1130 \u2013 Cabula 6 \u2013 Ondina<br \/>\n1137 \u2013 Pernambu\u00e9s \u2013 Barra<br \/>\n1203 \u2013 Tancredo Neves \u2013 Campo Grande<br \/>\n1230 \u2013 Sussuarana \u2013 Barra R1<br \/>\n1303 \u2013 Castelo Branco \u2013 Terminal Campo Grande<br \/>\n1306 \u2013 Colina Azul \u2013 Fran\u00e7a\/Campo Grande<br \/>\n1340 \u2013 Esta\u00e7\u00e3o Piraj\u00e1 \u2013 Barra 1<br \/>\n1372 \u2013 Jardim Nova Esperan\u00e7a\/Vilamar \u2013 Com\u00e9rcio\/Lapa<br \/>\n1505 \u2013 Piraj\u00e1 (RV) \u2013 Barra<br \/>\n1607 \u2013 Paripe \u2013 Barra<br \/>\n1607-01 \u2013 Paripe \u2013 Campo Grande<br \/>\n1633 \u2013 Mirantes de Periperi \u2013 Ondina<br \/>\n1669 \u2013 Rio Sena\/Terezinha \u2013 Campo Grande<\/p>\n","protected":false},"excerpt":{"rendered":"<p>A Ladeira da Montanha ser\u00e1 interditada por tempo indeterminado a partir desta quarta-feira (3). A via liga a Cidade Baixa com a Cidade Alta. Por causa da interdi\u00e7\u00e3o, o transporte ser\u00e1 afetado. A medida foi solicitada pelo Instituto do Patrim\u00f4nio Hist\u00f3rico e Art\u00edstico Nacional (Iphan). De acordo com o \u00f3rg\u00e3o, a interdi\u00e7\u00e3o \u00e9 necess\u00e1ria devido [&hellip;]<\/p>\n","protected":false},"author":1,"featured_media":12409,"comment_status":"open","ping_status":"closed","sticky":false,"template":"","format":"standard","meta":{"jnews-multi-image_gallery":[],"jnews_single_post":[],"jnews_primary_category":[],"footnotes":""},"categories":[83],"tags":[],"class_list":["post-12407","post","type-post","status-publish","format-standard","has-post-thumbnail","hentry","category-seguranca"],"_links":{"self":[{"href":"https:\/\/cbxonline.com.br\/index.php\/wp-json\/wp\/v2\/posts\/12407","targetHints":{"allow":["GET"]}}],"collection":[{"href":"https:\/\/cbxonline.com.br\/index.php\/wp-json\/wp\/v2\/posts"}],"about":[{"href":"https:\/\/cbxonline.com.br\/index.php\/wp-json\/wp\/v2\/types\/post"}],"author":[{"embeddable":true,"href":"https:\/\/cbxonline.com.br\/index.php\/wp-json\/wp\/v2\/users\/1"}],"replies":[{"embeddable":true,"href":"https:\/\/cbxonline.com.br\/index.php\/wp-json\/wp\/v2\/comments?post=12407"}],"version-history":[{"count":1,"href":"https:\/\/cbxonline.com.br\/index.php\/wp-json\/wp\/v2\/posts\/12407\/revisions"}],"predecessor-version":[{"id":12408,"href":"https:\/\/cbxonline.com.br\/index.php\/wp-json\/wp\/v2\/posts\/12407\/revisions\/12408"}],"wp:featuredmedia":[{"embeddable":true,"href":"https:\/\/cbxonline.com.br\/index.php\/wp-json\/wp\/v2\/media\/12409"}],"wp:attachment":[{"href":"https:\/\/cbxonline.com.br\/index.php\/wp-json\/wp\/v2\/media?parent=12407"}],"wp:term":[{"taxonomy":"category","embeddable":true,"href":"https:\/\/cbxonline.com.br\/index.php\/wp-json\/wp\/v2\/categories?post=12407"},{"taxonomy":"post_tag","embeddable":true,"href":"https:\/\/cbxonline.com.br\/index.php\/wp-json\/wp\/v2\/tags?post=12407"}],"curies":[{"name":"wp","href":"https:\/\/api.w.org\/{rel}","templated":true}]}}