{"id":12380,"date":"2025-04-01T15:43:09","date_gmt":"2025-04-01T18:43:09","guid":{"rendered":"https:\/\/cbxonline.com.br\/?p=12380"},"modified":"2025-04-01T15:43:09","modified_gmt":"2025-04-01T18:43:09","slug":"after-do-panorama-coisa-de-cinema-acontecera-no-glauber-rocha","status":"publish","type":"post","link":"https:\/\/cbxonline.com.br\/index.php\/2025\/04\/01\/after-do-panorama-coisa-de-cinema-acontecera-no-glauber-rocha\/","title":{"rendered":"After do Panorama Coisa de Cinema acontecer\u00e1 no Glauber Rocha"},"content":{"rendered":"<p>O Punk Hazard Studios, especialista em p\u00f3s-produ\u00e7\u00e3o de som para cinema, games e publicidade, realizar\u00e1 pelo segundo ano consecutivo o after party oficial do\u00a0Festival Panorama\u00a0Internacional Coisa de Cinema no pr\u00f3ximo s\u00e1bado (5). O evento, que acontece a partir das 22h no rooftop do Cine Glauber Rocha, reunir\u00e1 profissionais e amantes do audiovisual para uma celebra\u00e7\u00e3o especial.<\/p>\n<p>A festa faz parte da programa\u00e7\u00e3o da 20\u00aa edi\u00e7\u00e3o do Festival Panorama Internacional Coisa de Cinema, que acontece de 2 a 9 de abril, em Salvador e Cachoeira. Consolidado como um dos principais festivais culturais da Bahia, o Panorama promove encontros entre o p\u00fablico e filmes nacionais e internacionais, al\u00e9m de abrir espa\u00e7o para realizadores baianos.<\/p>\n<p>Realizado anualmente no Centro Hist\u00f3rico de Salvador, o festival se destaca por suas mostras dedicadas ao cinema de anima\u00e7\u00e3o, produ\u00e7\u00f5es brasileiras e homenagens a cineastas, fortalecendo a cultura local e incentivando um olhar cr\u00edtico sobre o audiovisual.<\/p>\n<p>Ao todo, 62 t\u00edtulos, entre longas e curtas-metragens, participam das seletivas baiana, nacional e internacional do festival. Entre eles, seis filmes contam com produ\u00e7\u00e3o sonora do Punk Hazard Studios: \u2018Meu Pai e a Praia\u2019, dirigido por Marcos Alexandre; \u2018A menina que queria voar\u2019, de Tais Amordivino; \u2018Ataques Psicotr\u00f4nicos\u2019, de Calebe Lopes; \u2018Border\u00f4\u2019, de Hilda Lopes Pontes e Klaus Hastenheiter; \u2018Vov\u00f3 foi pro c\u00e9u\u2019, tamb\u00e9m de Hilda Lopes Pontes e Klaus Hastenheiter; e \u2018Volta ao mundo, Kamar\u00e1\u2019, de Eduardo Tosta e Karol Azevedo.<\/p>\n<p>Fundado em 2018 pelos irm\u00e3os Mateus Arag\u00e3o e Filipe Pires, o est\u00fadio Punk Hazard atua desde o conceito sonoro, manipula\u00e7\u00e3o de \u00e1udio, desenvolvimento de desenho de som, efeitos sonoros e composi\u00e7\u00e3o de m\u00fasica. E para eles, essa edi\u00e7\u00e3o tem um gostinho especial. &#8220;Este ano, estamos participando do festival com seis projetos na competi\u00e7\u00e3o, o dobro do ano passado, quando tivemos tr\u00eas. Desde o in\u00edcio da nossa empresa, marcamos presen\u00e7a no evento, e este ano atingimos um recorde. Isso diz muito sobre o futuro da ind\u00fastria em um momento de intensas discuss\u00f5es sobre leis de incentivo e editais. Para al\u00e9m dos apoios, o networking \u00e9 essencial para avan\u00e7ar em iniciativas promissoras, como o nosso after\u201d, conta.<\/p>\n<p>Filipe refor\u00e7a que o after, vai al\u00e9m do audiovisual e se consolida como um encontro cultural mais amplo.\u201dO after extrapola a celebra\u00e7\u00e3o do audiovisual. Ele acontece nesse contexto, mas traz outras vertentes porque conectamos diferentes setores e iniciativas. Temos parcerias com aceleradoras reconhecidas, clientes da \u00e1rea de games, publicidade e com aceleradoras que valorizam o incentivo \u00e0 cultura e o fortalecimento do movimento negro. N\u00e3o \u00e9 apenas sobre a festa em si \u2013 ao longo do ano, coletamos feedbacks e fomos estruturando a\u00e7\u00f5es que fazem sentido para esse ecossistema, ampliando as possibilidades de conex\u00e3o e troca.&#8221;<\/p>\n<div id=\"dmh-h-par2\" class=\"jba filled\" data-google-query-id=\"CLC74py9t4wDFf5U3QIdHBMS9Q\">\n<p>De acordo com Mateus Arag\u00e3o, a evolu\u00e7\u00e3o do Panorama caminha junto com o crescimento do est\u00fadio. O projeto nasceu do esfor\u00e7o de duas pessoas vindas do interior, que se estabeleceram em Salvador e, hoje, est\u00e3o cada vez mais inseridas no circuito da economia criativa, fomentando o cinema. No ano passado, levaram produ\u00e7\u00f5es para Jequi\u00e9 e, agora, buscam ampliar essa rede, trazendo outros idealizadores da cidade para o Panorama.<\/p>\n<p>\u201cA gente come\u00e7ou com um filme e, hoje, estamos participando do festival com seis. S\u00e3o produ\u00e7\u00f5es em que assinamos parte do som, entre trilhas e mixagens. Um dos destaques \u00e9 Volta ao Mundo, Kamar\u00e1, um document\u00e1rio muito importante para Salvador, porque coloca o berimbau como o centro de uma orquestra, algo in\u00e9dito. O filme conta a hist\u00f3ria do Neojiba, um projeto que j\u00e1 se apresentou nas principais salas de concerto do mundo, e mostra como a nossa cultura pode dialogar com o cen\u00e1rio musical global de uma maneira inovadora\u201d, refor\u00e7a Arag\u00e3o.<\/p>\n<p>Para agitar o p\u00fablico presente, o after contar\u00e1 com a discotecagem do DJ e produtor musical Akani, um artista que luta pela valoriza\u00e7\u00e3o da cultura afro-brasileira atrav\u00e9s da m\u00fasica. Al\u00e9m disso, haver\u00e1 pocket shows de Salta, representante da cena independente da Bahia que mistura o melhor do trap, e Biel Gomez, artista que em suas obras, mistura drill de Chicago com a for\u00e7a da m\u00fasica afro para refletir sobre racismo e preconceito, com ritmos e can\u00e7\u00f5es que destacam o protagonismo negro.<\/p>\n<p>SERVI\u00c7O<\/p>\n<p>Punk Hazard Studios assina after party especial da 20\u00aa edi\u00e7\u00e3o do Festival Panorama Internacional Coisa de Cinema<\/p>\n<p>Data &#8211; 5 de abril<\/p>\n<p>Hora &#8211; 22h<\/p>\n<p>Local &#8211; Pra\u00e7a Castro Alves, 5 &#8211; Centro, Salvador &#8211; BA, 40026-004<\/p>\n<p>Para convidados<\/p>\n<\/div>\n","protected":false},"excerpt":{"rendered":"<p>O Punk Hazard Studios, especialista em p\u00f3s-produ\u00e7\u00e3o de som para cinema, games e publicidade, realizar\u00e1 pelo segundo ano consecutivo o after party oficial do\u00a0Festival Panorama\u00a0Internacional Coisa de Cinema no pr\u00f3ximo s\u00e1bado (5). O evento, que acontece a partir das 22h no rooftop do Cine Glauber Rocha, reunir\u00e1 profissionais e amantes do audiovisual para uma celebra\u00e7\u00e3o [&hellip;]<\/p>\n","protected":false},"author":1,"featured_media":12382,"comment_status":"open","ping_status":"closed","sticky":false,"template":"","format":"standard","meta":{"jnews-multi-image_gallery":[],"jnews_single_post":[],"jnews_primary_category":[],"footnotes":""},"categories":[96],"tags":[],"class_list":["post-12380","post","type-post","status-publish","format-standard","has-post-thumbnail","hentry","category-cultura"],"_links":{"self":[{"href":"https:\/\/cbxonline.com.br\/index.php\/wp-json\/wp\/v2\/posts\/12380","targetHints":{"allow":["GET"]}}],"collection":[{"href":"https:\/\/cbxonline.com.br\/index.php\/wp-json\/wp\/v2\/posts"}],"about":[{"href":"https:\/\/cbxonline.com.br\/index.php\/wp-json\/wp\/v2\/types\/post"}],"author":[{"embeddable":true,"href":"https:\/\/cbxonline.com.br\/index.php\/wp-json\/wp\/v2\/users\/1"}],"replies":[{"embeddable":true,"href":"https:\/\/cbxonline.com.br\/index.php\/wp-json\/wp\/v2\/comments?post=12380"}],"version-history":[{"count":1,"href":"https:\/\/cbxonline.com.br\/index.php\/wp-json\/wp\/v2\/posts\/12380\/revisions"}],"predecessor-version":[{"id":12381,"href":"https:\/\/cbxonline.com.br\/index.php\/wp-json\/wp\/v2\/posts\/12380\/revisions\/12381"}],"wp:featuredmedia":[{"embeddable":true,"href":"https:\/\/cbxonline.com.br\/index.php\/wp-json\/wp\/v2\/media\/12382"}],"wp:attachment":[{"href":"https:\/\/cbxonline.com.br\/index.php\/wp-json\/wp\/v2\/media?parent=12380"}],"wp:term":[{"taxonomy":"category","embeddable":true,"href":"https:\/\/cbxonline.com.br\/index.php\/wp-json\/wp\/v2\/categories?post=12380"},{"taxonomy":"post_tag","embeddable":true,"href":"https:\/\/cbxonline.com.br\/index.php\/wp-json\/wp\/v2\/tags?post=12380"}],"curies":[{"name":"wp","href":"https:\/\/api.w.org\/{rel}","templated":true}]}}