{"id":12316,"date":"2025-03-26T16:57:34","date_gmt":"2025-03-26T19:57:34","guid":{"rendered":"https:\/\/cbxonline.com.br\/?p=12316"},"modified":"2025-03-26T16:57:34","modified_gmt":"2025-03-26T19:57:34","slug":"salvador-ganhara-novos-murais-gigantes-em-predios-do-comercio","status":"publish","type":"post","link":"https:\/\/cbxonline.com.br\/index.php\/2025\/03\/26\/salvador-ganhara-novos-murais-gigantes-em-predios-do-comercio\/","title":{"rendered":"Salvador ganhar\u00e1 novos murais gigantes em pr\u00e9dios do Com\u00e9rcio"},"content":{"rendered":"<p>Entre os dias 4 e 6 de abril, Salvador ser\u00e1 palco da 4\u00aa edi\u00e7\u00e3o do Projeto MURAL (Movimento Urbano de Arte Livre). A iniciativa, que j\u00e1 transformou a paisagem da regi\u00e3o do Com\u00e9rcio com 19 laterais e fachadas de pr\u00e9dios transformados em verdadeiras telas de obras de arte, retorna neste ano com uma programa\u00e7\u00e3o ampliada, novos murais e a\u00e7\u00f5es interativas para o p\u00fablico.<\/p>\n<p>Realizado pela Prefeitura de Salvador, por meio da Funda\u00e7\u00e3o Greg\u00f3rio de Mattos (FGM), e contemplado pela Lei de Incentivo Municipal Viva Cultura, o MURAL tem como objetivo democratizar o acesso \u00e0 arte, revitalizar espa\u00e7os urbanos e valorizar artistas visuais locais e nacionais.<\/p>\n<p>Nesta edi\u00e7\u00e3o, quatro novos mega murais ser\u00e3o produzidos em fachadas de pr\u00e9dios daquela regi\u00e3o, que, inclusive vem sendo transformada pela gest\u00e3o municipal, a exemplo da requalifica\u00e7\u00e3o do Mercado Modelo, a constru\u00e7\u00e3o da Casa das Hist\u00f3rias de Salvador, da Cidade da M\u00fasica da Bahia e da reforma da Pra\u00e7a Maria Felipa, al\u00e9m da cria\u00e7\u00e3o da Escola de M\u00fasica e Artes Letieres Leite e a Sala de Espet\u00e1culos \u2014 estes dois \u00faltimos em andamento.<\/p>\n<p>O projeto tamb\u00e9m ganhou um novo formato, funcionando como um festival de arte urbana. Pela primeira vez, de acordo com Vanessa Vieira, idealizadora e curadora do MURAL, haver\u00e1 uma exposi\u00e7\u00e3o documental sobre as edi\u00e7\u00f5es anteriores, uma feira de arte e criatividade, al\u00e9m de bate-papos, oficinas e apresenta\u00e7\u00f5es musicais, que ser\u00e3o realizadas no Polo de Economia Criativa, o Doca 1. A entrada ser\u00e1 gratuita.<\/p>\n<p>Vanessa explica que um dos crit\u00e9rios para que os pr\u00e9dios se tornem murais art\u00edsticos \u00e9 a visibilidade para a rua, para que mais pedestres e motoristas que se deslocam entre a Cidade Alta e a Cidade Baixa tenham a chance de contempl\u00e1-los. \u201cA ideia \u00e9 democratizar o acesso \u00e0 arte, levando-a para espa\u00e7os p\u00fablicos e de grande circula\u00e7\u00e3o. Buscamos fachadas que tenham um fluxo consider\u00e1vel de pedestres e ve\u00edculos para garantir que as obras alcancem um p\u00fablico amplo\u201d, pontua.<\/p>\n<p><strong>Artistas &#8211;\u00a0<\/strong>Entre os artistas convidados para pintar as fachadas, destacam-se nomes reconhecidos nacional e internacionalmente. O duo Acidum Project, do Cear\u00e1, trar\u00e1, por exemplo, sua experi\u00eancia global para um interc\u00e2mbio cultural com artistas locais. Outra grande novidade \u00e9 a participa\u00e7\u00e3o da artista ind\u00edgena Ayako Nantusha, que vem se destacando no cen\u00e1rio nacional. J\u00e1 o artista baiano \u00c9der Muniz, que participou da primeira edi\u00e7\u00e3o do MURAL, retorna para criar uma nova obra, que ser\u00e1 em homenagem \u00e0 biodiversidade da Amaz\u00f4nia Azul.<\/p>\n<p>\u201cNesta edi\u00e7\u00e3o, come\u00e7amos a expandir para al\u00e9m da regi\u00e3o do Com\u00e9rcio. O projeto nasceu com a inten\u00e7\u00e3o de contribuir para a revitaliza\u00e7\u00e3o dessa \u00e1rea portu\u00e1ria t\u00e3o importante para a hist\u00f3ria da Bahia e de Salvador, especialmente no que diz respeito \u00e0 arquitetura e \u00e0s artes. O objetivo era chamar a aten\u00e7\u00e3o tanto dos gestores p\u00fablicos quanto da popula\u00e7\u00e3o para a relev\u00e2ncia dessa regi\u00e3o. Se observarmos, encontramos ali um verdadeiro registro hist\u00f3rico da arquitetura baiana, com edif\u00edcios de diferentes per\u00edodos e estilos\u201d, comenta a idealizadora.<\/p>\n<p>Vanessa ressalta ainda que o MURAL tem um impacto significativo na vida das pessoas que circulam pela regi\u00e3o do Com\u00e9rcio, independentemente de sua origem ou condi\u00e7\u00e3o social. Al\u00e9m disso, ela ressalta que os murais n\u00e3o s\u00e3o apenas elementos decorativos, mas transformam o ambiente urbano e influenciam o bem-estar das pessoas.<\/p>\n<p>\u201cO impacto das 19 empenas j\u00e1 realizadas \u00e9 percept\u00edvel nos relatos das pessoas. Recebemos depoimentos de todos os tipos de p\u00fablicos, desde feirantes at\u00e9 pessoas que circulam pela regi\u00e3o em carros de luxo. A diversidade de olhares sobre as obras mostra como a arte pode transformar o ambiente urbano e fazer parte da rotina das pessoas. Muitas relataram que os murais amenizam o estresse do dia a dia, tornando o trajeto mais leve e agrad\u00e1vel\u201d, finaliza.<\/p>\n<p>George Vladimir, gerente de promo\u00e7\u00e3o cultural da FGM, mencionou a import\u00e2ncia do projeto para a capital baiana. Ele diz que Salvador se tornou uma galeria a c\u00e9u aberto, com empenas e pain\u00e9is de grafite que valorizam a arte urbana. \u201cN\u00e3o h\u00e1 como negar o impacto do projeto nesse sentido. Al\u00e9m disso, para n\u00f3s, da FGM, essa parceria \u00e9 extremamente significativa. Sempre apoiamos institucionalmente todas as edi\u00e7\u00f5es do MURAL, e nesta quarta edi\u00e7\u00e3o, a iniciativa ganha ainda mais for\u00e7a ao ser contemplada por um dos nossos projetos mais importantes: a Lei de Incentivo Municipal Viva Cultura\u201d, celebra.<\/p>\n","protected":false},"excerpt":{"rendered":"<p>Entre os dias 4 e 6 de abril, Salvador ser\u00e1 palco da 4\u00aa edi\u00e7\u00e3o do Projeto MURAL (Movimento Urbano de Arte Livre). A iniciativa, que j\u00e1 transformou a paisagem da regi\u00e3o do Com\u00e9rcio com 19 laterais e fachadas de pr\u00e9dios transformados em verdadeiras telas de obras de arte, retorna neste ano com uma programa\u00e7\u00e3o ampliada, [&hellip;]<\/p>\n","protected":false},"author":1,"featured_media":12318,"comment_status":"open","ping_status":"closed","sticky":false,"template":"","format":"standard","meta":{"jnews-multi-image_gallery":[],"jnews_single_post":[],"jnews_primary_category":[],"footnotes":""},"categories":[96],"tags":[],"class_list":["post-12316","post","type-post","status-publish","format-standard","has-post-thumbnail","hentry","category-cultura"],"_links":{"self":[{"href":"https:\/\/cbxonline.com.br\/index.php\/wp-json\/wp\/v2\/posts\/12316","targetHints":{"allow":["GET"]}}],"collection":[{"href":"https:\/\/cbxonline.com.br\/index.php\/wp-json\/wp\/v2\/posts"}],"about":[{"href":"https:\/\/cbxonline.com.br\/index.php\/wp-json\/wp\/v2\/types\/post"}],"author":[{"embeddable":true,"href":"https:\/\/cbxonline.com.br\/index.php\/wp-json\/wp\/v2\/users\/1"}],"replies":[{"embeddable":true,"href":"https:\/\/cbxonline.com.br\/index.php\/wp-json\/wp\/v2\/comments?post=12316"}],"version-history":[{"count":1,"href":"https:\/\/cbxonline.com.br\/index.php\/wp-json\/wp\/v2\/posts\/12316\/revisions"}],"predecessor-version":[{"id":12317,"href":"https:\/\/cbxonline.com.br\/index.php\/wp-json\/wp\/v2\/posts\/12316\/revisions\/12317"}],"wp:featuredmedia":[{"embeddable":true,"href":"https:\/\/cbxonline.com.br\/index.php\/wp-json\/wp\/v2\/media\/12318"}],"wp:attachment":[{"href":"https:\/\/cbxonline.com.br\/index.php\/wp-json\/wp\/v2\/media?parent=12316"}],"wp:term":[{"taxonomy":"category","embeddable":true,"href":"https:\/\/cbxonline.com.br\/index.php\/wp-json\/wp\/v2\/categories?post=12316"},{"taxonomy":"post_tag","embeddable":true,"href":"https:\/\/cbxonline.com.br\/index.php\/wp-json\/wp\/v2\/tags?post=12316"}],"curies":[{"name":"wp","href":"https:\/\/api.w.org\/{rel}","templated":true}]}}