{"id":12190,"date":"2025-03-18T17:04:37","date_gmt":"2025-03-18T20:04:37","guid":{"rendered":"https:\/\/cbxonline.com.br\/?p=12190"},"modified":"2025-03-18T17:04:38","modified_gmt":"2025-03-18T20:04:38","slug":"homem-e-preso-com-drogas-na-liberdade-e-moradores-protestam","status":"publish","type":"post","link":"https:\/\/cbxonline.com.br\/index.php\/2025\/03\/18\/homem-e-preso-com-drogas-na-liberdade-e-moradores-protestam\/","title":{"rendered":"Homem \u00e9 preso com drogas na Liberdade e moradores protestam"},"content":{"rendered":"<p>Moradores da regi\u00e3o da Linha 8, no bairro da\u00a0<a href=\"https:\/\/www.bnews.com.br\/tags\/liberdade\">Liberdade<\/a>, em Salvador, gravaram a a\u00e7\u00e3o da Pol\u00edcia Militar ao levar preso um homem suspeito de tr\u00e1fico de drogas. Segundo a PM, ao ver uma guarni\u00e7\u00e3o dois homens correram e um indiv\u00edduo, que n\u00e3o foi identificado, foi alcan\u00e7ado.<\/p>\n<p>Ele \u00e9 acusado pelos militares de estar portando 57 por\u00e7\u00f5es de maconha, cinco pinos de coca\u00edna e um celular. Ele recebeu voz de pris\u00e3o ap\u00f3s o flagrante. Moradores da regi\u00e3o registraram e criticaram o momento em que os PMs conduziram o homem para a viatura.<\/p>\n<p>Disparos para o alto foram efetuados e alguns moradores acusam a Pol\u00edcia Militar de agress\u00e3o<\/p>\n<p>O suspeito e todo o material apreendido foram encaminhados \u00e0\u00a0<a href=\"https:\/\/www.bnews.com.br\/tags\/central-de-flagrantes\">Central de Flagrantes<\/a> para o registro da ocorr\u00eancia.\u00a0A PM n\u00e3o comentou as imagens dos populares.<\/p>\n","protected":false},"excerpt":{"rendered":"<p>Moradores da regi\u00e3o da Linha 8, no bairro da\u00a0Liberdade, em Salvador, gravaram a a\u00e7\u00e3o da Pol\u00edcia Militar ao levar preso um homem suspeito de tr\u00e1fico de drogas. Segundo a PM, ao ver uma guarni\u00e7\u00e3o dois homens correram e um indiv\u00edduo, que n\u00e3o foi identificado, foi alcan\u00e7ado. Ele \u00e9 acusado pelos militares de estar portando 57 [&hellip;]<\/p>\n","protected":false},"author":1,"featured_media":12192,"comment_status":"open","ping_status":"closed","sticky":false,"template":"","format":"standard","meta":{"jnews-multi-image_gallery":[],"jnews_single_post":[],"jnews_primary_category":[],"footnotes":""},"categories":[110],"tags":[],"class_list":["post-12190","post","type-post","status-publish","format-standard","has-post-thumbnail","hentry","category-liberdade"],"_links":{"self":[{"href":"https:\/\/cbxonline.com.br\/index.php\/wp-json\/wp\/v2\/posts\/12190","targetHints":{"allow":["GET"]}}],"collection":[{"href":"https:\/\/cbxonline.com.br\/index.php\/wp-json\/wp\/v2\/posts"}],"about":[{"href":"https:\/\/cbxonline.com.br\/index.php\/wp-json\/wp\/v2\/types\/post"}],"author":[{"embeddable":true,"href":"https:\/\/cbxonline.com.br\/index.php\/wp-json\/wp\/v2\/users\/1"}],"replies":[{"embeddable":true,"href":"https:\/\/cbxonline.com.br\/index.php\/wp-json\/wp\/v2\/comments?post=12190"}],"version-history":[{"count":1,"href":"https:\/\/cbxonline.com.br\/index.php\/wp-json\/wp\/v2\/posts\/12190\/revisions"}],"predecessor-version":[{"id":12191,"href":"https:\/\/cbxonline.com.br\/index.php\/wp-json\/wp\/v2\/posts\/12190\/revisions\/12191"}],"wp:featuredmedia":[{"embeddable":true,"href":"https:\/\/cbxonline.com.br\/index.php\/wp-json\/wp\/v2\/media\/12192"}],"wp:attachment":[{"href":"https:\/\/cbxonline.com.br\/index.php\/wp-json\/wp\/v2\/media?parent=12190"}],"wp:term":[{"taxonomy":"category","embeddable":true,"href":"https:\/\/cbxonline.com.br\/index.php\/wp-json\/wp\/v2\/categories?post=12190"},{"taxonomy":"post_tag","embeddable":true,"href":"https:\/\/cbxonline.com.br\/index.php\/wp-json\/wp\/v2\/tags?post=12190"}],"curies":[{"name":"wp","href":"https:\/\/api.w.org\/{rel}","templated":true}]}}