{"id":12052,"date":"2025-03-10T15:12:16","date_gmt":"2025-03-10T18:12:16","guid":{"rendered":"https:\/\/cbxonline.com.br\/?p=12052"},"modified":"2025-03-10T15:12:18","modified_gmt":"2025-03-10T18:12:18","slug":"jeronimo-se-reune-com-rui-costa-e-anuncia-construcao-de-novo-hospital-regional-no-norte-da-bahia","status":"publish","type":"post","link":"https:\/\/cbxonline.com.br\/index.php\/2025\/03\/10\/jeronimo-se-reune-com-rui-costa-e-anuncia-construcao-de-novo-hospital-regional-no-norte-da-bahia\/","title":{"rendered":"Jer\u00f4nimo se re\u00fane com Rui Costa e anuncia constru\u00e7\u00e3o de novo hospital regional no norte da Bahia"},"content":{"rendered":"\n<p>O governador da Bahia, Jer\u00f4nimo Rodrigues (PT), esteve com o ministro da Casa Civil,<a rel=\"noreferrer noopener\" href=\"https:\/\/www.bnews.com.br\/tags\/rui-costa\" target=\"_blank\">&nbsp;Rui Costa<\/a>, em Bras\u00edlia, onde debateu investimentos por meio do PAC para a Bahia. Dentre os an\u00fancios est\u00e3o a constru\u00e7\u00e3o de um novo hospital regional na cidade de&nbsp;<a rel=\"noreferrer noopener\" href=\"https:\/\/www.bnews.com.br\/tags\/paulo-afonso\" target=\"_blank\">Paulo Afonso<\/a>, no norte do estado.&nbsp;<\/p>\n\n\n\n<p>De acordo com o ministro, a unidade de sa\u00fade ser\u00e1 \u00e0 Empresa Brasileira de Servi\u00e7os Hospitalares (Ebserh) e \u00e0 Universidade Federal do Vale do S\u00e3o Francisco (Univasf) e os investimentos s\u00e3o na ordem de R$134 milh\u00f5es para atender a 22 munic\u00edpios da regi\u00e3o de Paulo Afonso.&nbsp;<\/p>\n\n\n\n<p>A agenda contou ainda com a participa\u00e7\u00e3o do j\u00e1 anunciado novo ministro da Sa\u00fade, Alexandre Padilha; do presidente da Ebserh, Arthur Chioro; e do presidente da Eletrobr\u00e1s, Ivan Monteiro. Ficou acordado um termo de compromisso que autorizar\u00e1 a licita\u00e7\u00e3o das obras do novo hospital. \u201cCom isso, vamos resolver definitivamente a constru\u00e7\u00e3o do novo Hospital Regional de Paulo Afonso. O hospital ser\u00e1 constru\u00eddo pelo governo do estado e, depois de pronto, quem vai assumir e fazer a gest\u00e3o \u00e9 a Univasf. Portanto, Paulo Afonso ganhar\u00e1 um novo hospital, e logo, logo, estarei com Jer\u00f4nimo em Paulo Afonso para dar a ordem de servi\u00e7o e iniciar essa importante obra\u201d, afirmou o ministro Rui Costa.<\/p>\n\n\n\n<p><br>O governador Jer\u00f4nimo Rodrigues assinalou que a obra ter\u00e1 18 meses de dura\u00e7\u00e3o. \u201cEnt\u00e3o, no final do ano que vem, a gente j\u00e1 come\u00e7a a funcionar com todos os servi\u00e7os de alta complexidade. Esse hospital \u00e9 parte do Novo PAC, \u00e9 mais um grande empreendimento do programa em nosso estado, \u00e9 o presidente Lula chegando em cada munic\u00edpio da Bahia\u201d, celebrou o chefe do Executivo estadual.<\/p>\n","protected":false},"excerpt":{"rendered":"<p>O governador da Bahia, Jer\u00f4nimo Rodrigues (PT), esteve com o ministro da Casa Civil,&nbsp;Rui Costa, em Bras\u00edlia, onde debateu investimentos por meio do PAC para a Bahia. Dentre os an\u00fancios est\u00e3o a constru\u00e7\u00e3o de um novo hospital regional na cidade de&nbsp;Paulo Afonso, no norte do estado.&nbsp; De acordo com o ministro, a unidade de sa\u00fade [&hellip;]<\/p>\n","protected":false},"author":2,"featured_media":12053,"comment_status":"open","ping_status":"open","sticky":false,"template":"","format":"standard","meta":{"jnews-multi-image_gallery":[],"jnews_single_post":{"subtitle":"","format":"standard","video":"","gallery":"","source_name":"","source_url":"","via_name":"","via_url":"","override_template":"0","override":[{"template":"1","single_blog_custom":"","parallax":"1","fullscreen":"1","layout":"right-sidebar","sidebar":"default-sidebar","second_sidebar":"default-sidebar","sticky_sidebar":"1","share_position":"top","share_float_style":"share-monocrhome","show_share_counter":"0","show_view_counter":"0","show_featured":"1","show_post_meta":"1","show_post_author":"0","show_post_author_image":"1","show_post_date":"1","post_date_format":"default","post_date_format_custom":"Y\/m\/d","show_post_category":"1","show_post_reading_time":"0","post_reading_time_wpm":"300","show_zoom_button":"0","zoom_button_out_step":"2","zoom_button_in_step":"3","show_post_tag":"1","show_prev_next_post":"1","show_popup_post":"1","number_popup_post":"1","show_author_box":"0","show_post_related":"0","show_inline_post_related":"0"}],"override_image_size":"0","image_override":[{"single_post_thumbnail_size":"no-crop","single_post_gallery_size":"crop-715"}],"trending_post":"0","trending_post_position":"meta","trending_post_label":"Trending","sponsored_post":"0","sponsored_post_label":"Sponsored by","sponsored_post_name":"","sponsored_post_url":"","sponsored_post_logo_enable":"0","sponsored_post_logo":"","sponsored_post_desc":"","disable_ad":"0"},"jnews_primary_category":{"id":"","hide":""},"footnotes":""},"categories":[90,85,91,94],"tags":[],"class_list":["post-12052","post","type-post","status-publish","format-standard","has-post-thumbnail","hentry","category-bahia","category-noticias","category-politica","category-saude-2"],"_links":{"self":[{"href":"https:\/\/cbxonline.com.br\/index.php\/wp-json\/wp\/v2\/posts\/12052","targetHints":{"allow":["GET"]}}],"collection":[{"href":"https:\/\/cbxonline.com.br\/index.php\/wp-json\/wp\/v2\/posts"}],"about":[{"href":"https:\/\/cbxonline.com.br\/index.php\/wp-json\/wp\/v2\/types\/post"}],"author":[{"embeddable":true,"href":"https:\/\/cbxonline.com.br\/index.php\/wp-json\/wp\/v2\/users\/2"}],"replies":[{"embeddable":true,"href":"https:\/\/cbxonline.com.br\/index.php\/wp-json\/wp\/v2\/comments?post=12052"}],"version-history":[{"count":1,"href":"https:\/\/cbxonline.com.br\/index.php\/wp-json\/wp\/v2\/posts\/12052\/revisions"}],"predecessor-version":[{"id":12054,"href":"https:\/\/cbxonline.com.br\/index.php\/wp-json\/wp\/v2\/posts\/12052\/revisions\/12054"}],"wp:featuredmedia":[{"embeddable":true,"href":"https:\/\/cbxonline.com.br\/index.php\/wp-json\/wp\/v2\/media\/12053"}],"wp:attachment":[{"href":"https:\/\/cbxonline.com.br\/index.php\/wp-json\/wp\/v2\/media?parent=12052"}],"wp:term":[{"taxonomy":"category","embeddable":true,"href":"https:\/\/cbxonline.com.br\/index.php\/wp-json\/wp\/v2\/categories?post=12052"},{"taxonomy":"post_tag","embeddable":true,"href":"https:\/\/cbxonline.com.br\/index.php\/wp-json\/wp\/v2\/tags?post=12052"}],"curies":[{"name":"wp","href":"https:\/\/api.w.org\/{rel}","templated":true}]}}