{"id":12041,"date":"2025-03-10T14:48:51","date_gmt":"2025-03-10T17:48:51","guid":{"rendered":"https:\/\/cbxonline.com.br\/?p=12041"},"modified":"2025-03-10T14:48:52","modified_gmt":"2025-03-10T17:48:52","slug":"diretor-de-filmagem-em-cosme-de-farias-admite-erro-da-producao-e-isenta-policia-de-culpa","status":"publish","type":"post","link":"https:\/\/cbxonline.com.br\/index.php\/2025\/03\/10\/diretor-de-filmagem-em-cosme-de-farias-admite-erro-da-producao-e-isenta-policia-de-culpa\/","title":{"rendered":"Diretor de filmagem em Cosme de Farias admite erro da produ\u00e7\u00e3o e isenta pol\u00edcia de culpa"},"content":{"rendered":"\n<p>Ap\u00f3s\u00a0dois atores serem baleados\u00a0no \u00faltimo domingo (09), durante a\u00e7\u00e3o da Pol\u00edcia Militar (PM-BA) em Cosme de Farias, bairro de Salvador, o diretor de filmagem, Rodrigo Batista, admitiu erro da produ\u00e7\u00e3o e que os policiais n\u00e3o s\u00e3o culpados. O relato foi publicado em seu perfil do Instagram.<\/p>\n\n\n\n<p>O diretor conta que eles estavam guardando os simulacros de armas utilizados na grava\u00e7\u00e3o quando foram surpreendidos pela pol\u00edcia. Algumas pessoas correram, e dois atores amadores foram baleados.<\/p>\n\n\n\n<p>\u201cAcabou a grava\u00e7\u00e3o, e n\u00f3s recolhemos as armas para guardar na caixa. Guardamos em uma via p\u00fablica, que d\u00e1 para ver tudo. Infelizmente, a pol\u00edcia estava entrando na rua e viu a multid\u00e3o, e alguns com armas nas m\u00e3os\u201d, conta. Foi nesse momento que os policiais atiraram.<\/p>\n\n\n\n<p>\u201cUm conseguiu se esconder e falou que era grava\u00e7\u00e3o. Foi a\u00ed que os policiais entenderam [\u2026] A pol\u00edcia n\u00e3o tem culpa de nada. Foi um desacerto da gente. Infelizmente fomos guardar as armas em uma via de passagem. Faltou aten\u00e7\u00e3o nossa\u201d, completou Rodrigo Batista, diretor do Fatos de Favela. Ele afirma ainda que um dos atores foi baleado no rosto.<\/p>\n\n\n\n<p>A\u00a0PM\u00a0disse que estava no bairro para dar apoio a agentes do Servi\u00e7o de Atendimento M\u00f3vel de Urg\u00eancia (Samu) que realizavam trabalho no local quando os agentes viram cerca de 10 pessoas portando supostas armas de fogo.\u00a0<\/p>\n","protected":false},"excerpt":{"rendered":"<p>Ap\u00f3s\u00a0dois atores serem baleados\u00a0no \u00faltimo domingo (09), durante a\u00e7\u00e3o da Pol\u00edcia Militar (PM-BA) em Cosme de Farias, bairro de Salvador, o diretor de filmagem, Rodrigo Batista, admitiu erro da produ\u00e7\u00e3o e que os policiais n\u00e3o s\u00e3o culpados. O relato foi publicado em seu perfil do Instagram. O diretor conta que eles estavam guardando os simulacros [&hellip;]<\/p>\n","protected":false},"author":2,"featured_media":12042,"comment_status":"open","ping_status":"open","sticky":false,"template":"","format":"standard","meta":{"jnews-multi-image_gallery":[],"jnews_single_post":{"subtitle":"","format":"standard","video":"","gallery":"","source_name":"","source_url":"","via_name":"","via_url":"","override_template":"0","override":[{"template":"1","single_blog_custom":"","parallax":"1","fullscreen":"1","layout":"right-sidebar","sidebar":"default-sidebar","second_sidebar":"default-sidebar","sticky_sidebar":"1","share_position":"top","share_float_style":"share-monocrhome","show_share_counter":"0","show_view_counter":"0","show_featured":"1","show_post_meta":"1","show_post_author":"0","show_post_author_image":"1","show_post_date":"1","post_date_format":"default","post_date_format_custom":"Y\/m\/d","show_post_category":"1","show_post_reading_time":"0","post_reading_time_wpm":"300","show_zoom_button":"0","zoom_button_out_step":"2","zoom_button_in_step":"3","show_post_tag":"1","show_prev_next_post":"1","show_popup_post":"1","number_popup_post":"1","show_author_box":"0","show_post_related":"0","show_inline_post_related":"0"}],"override_image_size":"0","image_override":[{"single_post_thumbnail_size":"no-crop","single_post_gallery_size":"crop-715"}],"trending_post":"0","trending_post_position":"meta","trending_post_label":"Trending","sponsored_post":"0","sponsored_post_label":"Sponsored by","sponsored_post_name":"","sponsored_post_url":"","sponsored_post_logo_enable":"0","sponsored_post_logo":"","sponsored_post_desc":"","disable_ad":"0"},"jnews_primary_category":{"id":"","hide":""},"footnotes":""},"categories":[85],"tags":[],"class_list":["post-12041","post","type-post","status-publish","format-standard","has-post-thumbnail","hentry","category-noticias"],"_links":{"self":[{"href":"https:\/\/cbxonline.com.br\/index.php\/wp-json\/wp\/v2\/posts\/12041","targetHints":{"allow":["GET"]}}],"collection":[{"href":"https:\/\/cbxonline.com.br\/index.php\/wp-json\/wp\/v2\/posts"}],"about":[{"href":"https:\/\/cbxonline.com.br\/index.php\/wp-json\/wp\/v2\/types\/post"}],"author":[{"embeddable":true,"href":"https:\/\/cbxonline.com.br\/index.php\/wp-json\/wp\/v2\/users\/2"}],"replies":[{"embeddable":true,"href":"https:\/\/cbxonline.com.br\/index.php\/wp-json\/wp\/v2\/comments?post=12041"}],"version-history":[{"count":1,"href":"https:\/\/cbxonline.com.br\/index.php\/wp-json\/wp\/v2\/posts\/12041\/revisions"}],"predecessor-version":[{"id":12043,"href":"https:\/\/cbxonline.com.br\/index.php\/wp-json\/wp\/v2\/posts\/12041\/revisions\/12043"}],"wp:featuredmedia":[{"embeddable":true,"href":"https:\/\/cbxonline.com.br\/index.php\/wp-json\/wp\/v2\/media\/12042"}],"wp:attachment":[{"href":"https:\/\/cbxonline.com.br\/index.php\/wp-json\/wp\/v2\/media?parent=12041"}],"wp:term":[{"taxonomy":"category","embeddable":true,"href":"https:\/\/cbxonline.com.br\/index.php\/wp-json\/wp\/v2\/categories?post=12041"},{"taxonomy":"post_tag","embeddable":true,"href":"https:\/\/cbxonline.com.br\/index.php\/wp-json\/wp\/v2\/tags?post=12041"}],"curies":[{"name":"wp","href":"https:\/\/api.w.org\/{rel}","templated":true}]}}