{"id":12006,"date":"2025-02-25T15:51:11","date_gmt":"2025-02-25T18:51:11","guid":{"rendered":"https:\/\/cbxonline.com.br\/?p=12006"},"modified":"2025-02-25T15:51:13","modified_gmt":"2025-02-25T18:51:13","slug":"deputada-erika-hilton-apresentara-pec-pelo-fim-da-escala-6x1-nesta-terca-feira","status":"publish","type":"post","link":"https:\/\/cbxonline.com.br\/index.php\/2025\/02\/25\/deputada-erika-hilton-apresentara-pec-pelo-fim-da-escala-6x1-nesta-terca-feira\/","title":{"rendered":"Deputada Erika Hilton apresentar\u00e1 PEC pelo fim da escala 6&#215;1 nesta ter\u00e7a-feira"},"content":{"rendered":"\n<p>A deputada federal Erika Hilton (PSOL) deve protocolar nesta ter\u00e7a-feira (25) uma Proposta de Emenda \u00e0 Constitui\u00e7\u00e3o (PEC) para extinguir a jornada de trabalho no modelo 6&#215;1. O ato de apresenta\u00e7\u00e3o da proposta ocorrer\u00e1 no Sal\u00e3o Verde da C\u00e2mara dos Deputados, com a presen\u00e7a de representantes do Movimento Vida Al\u00e9m do Trabalho (VAT).<\/p>\n\n\n\n<p>Segundo a equipe parlamentar da deputada, a proposta j\u00e1 conta com 234 assinaturas de apoio, superando as 171 necess\u00e1rias para protocolar a PEC. Ap\u00f3s essa etapa, o texto precisar\u00e1 de um despacho do presidente da C\u00e2mara, Hugo Motta, para ser encaminhado \u00e0 Comiss\u00e3o de Constitui\u00e7\u00e3o e Justi\u00e7a (CCJ), onde ser\u00e1 analisado.<\/p>\n\n\n\n<p>A PEC prop\u00f5e uma altera\u00e7\u00e3o na Constitui\u00e7\u00e3o para reduzir a carga hor\u00e1ria semanal. Atualmente, a legisla\u00e7\u00e3o permite jornadas de at\u00e9 oito horas di\u00e1rias e 44 horas semanais, o que equivale a seis dias de trabalho com um de folga. A nova proposta busca estabelecer um limite de oito horas di\u00e1rias e 36 horas semanais, permitindo um regime de quatro dias de trabalho e tr\u00eas de descanso.<\/p>\n\n\n\n<p>Fonte: Varela Net <\/p>\n","protected":false},"excerpt":{"rendered":"<p>A deputada federal Erika Hilton (PSOL) deve protocolar nesta ter\u00e7a-feira (25) uma Proposta de Emenda \u00e0 Constitui\u00e7\u00e3o (PEC) para extinguir a jornada de trabalho no modelo 6&#215;1. O ato de apresenta\u00e7\u00e3o da proposta ocorrer\u00e1 no Sal\u00e3o Verde da C\u00e2mara dos Deputados, com a presen\u00e7a de representantes do Movimento Vida Al\u00e9m do Trabalho (VAT). Segundo a [&hellip;]<\/p>\n","protected":false},"author":2,"featured_media":12007,"comment_status":"open","ping_status":"open","sticky":false,"template":"","format":"standard","meta":{"jnews-multi-image_gallery":[],"jnews_single_post":{"subtitle":"","format":"standard","video":"","gallery":"","source_name":"","source_url":"","via_name":"","via_url":"","override_template":"0","override":[{"template":"1","single_blog_custom":"","parallax":"1","fullscreen":"1","layout":"right-sidebar","sidebar":"default-sidebar","second_sidebar":"default-sidebar","sticky_sidebar":"1","share_position":"top","share_float_style":"share-monocrhome","show_share_counter":"0","show_view_counter":"0","show_featured":"1","show_post_meta":"1","show_post_author":"0","show_post_author_image":"1","show_post_date":"1","post_date_format":"default","post_date_format_custom":"Y\/m\/d","show_post_category":"1","show_post_reading_time":"0","post_reading_time_wpm":"300","show_zoom_button":"0","zoom_button_out_step":"2","zoom_button_in_step":"3","show_post_tag":"1","show_prev_next_post":"1","show_popup_post":"1","number_popup_post":"1","show_author_box":"0","show_post_related":"0","show_inline_post_related":"0"}],"override_image_size":"0","image_override":[{"single_post_thumbnail_size":"no-crop","single_post_gallery_size":"crop-715"}],"trending_post":"0","trending_post_position":"meta","trending_post_label":"Trending","sponsored_post":"0","sponsored_post_label":"Sponsored by","sponsored_post_name":"","sponsored_post_url":"","sponsored_post_logo_enable":"0","sponsored_post_logo":"","sponsored_post_desc":"","disable_ad":"0"},"jnews_primary_category":{"id":"","hide":""},"footnotes":""},"categories":[91],"tags":[],"class_list":["post-12006","post","type-post","status-publish","format-standard","has-post-thumbnail","hentry","category-politica"],"_links":{"self":[{"href":"https:\/\/cbxonline.com.br\/index.php\/wp-json\/wp\/v2\/posts\/12006","targetHints":{"allow":["GET"]}}],"collection":[{"href":"https:\/\/cbxonline.com.br\/index.php\/wp-json\/wp\/v2\/posts"}],"about":[{"href":"https:\/\/cbxonline.com.br\/index.php\/wp-json\/wp\/v2\/types\/post"}],"author":[{"embeddable":true,"href":"https:\/\/cbxonline.com.br\/index.php\/wp-json\/wp\/v2\/users\/2"}],"replies":[{"embeddable":true,"href":"https:\/\/cbxonline.com.br\/index.php\/wp-json\/wp\/v2\/comments?post=12006"}],"version-history":[{"count":1,"href":"https:\/\/cbxonline.com.br\/index.php\/wp-json\/wp\/v2\/posts\/12006\/revisions"}],"predecessor-version":[{"id":12008,"href":"https:\/\/cbxonline.com.br\/index.php\/wp-json\/wp\/v2\/posts\/12006\/revisions\/12008"}],"wp:featuredmedia":[{"embeddable":true,"href":"https:\/\/cbxonline.com.br\/index.php\/wp-json\/wp\/v2\/media\/12007"}],"wp:attachment":[{"href":"https:\/\/cbxonline.com.br\/index.php\/wp-json\/wp\/v2\/media?parent=12006"}],"wp:term":[{"taxonomy":"category","embeddable":true,"href":"https:\/\/cbxonline.com.br\/index.php\/wp-json\/wp\/v2\/categories?post=12006"},{"taxonomy":"post_tag","embeddable":true,"href":"https:\/\/cbxonline.com.br\/index.php\/wp-json\/wp\/v2\/tags?post=12006"}],"curies":[{"name":"wp","href":"https:\/\/api.w.org\/{rel}","templated":true}]}}