{"id":11991,"date":"2025-02-24T11:12:52","date_gmt":"2025-02-24T14:12:52","guid":{"rendered":"https:\/\/cbxonline.com.br\/?p=11991"},"modified":"2025-02-24T11:12:52","modified_gmt":"2025-02-24T14:12:52","slug":"prefeito-bruno-reis-confirma-novos-secretarios-para-seinfra-e-semint","status":"publish","type":"post","link":"https:\/\/cbxonline.com.br\/index.php\/2025\/02\/24\/prefeito-bruno-reis-confirma-novos-secretarios-para-seinfra-e-semint\/","title":{"rendered":"Prefeito Bruno Reis confirma novos secret\u00e1rios para Seinfra e Semint"},"content":{"rendered":"\n<p>O prefeito de Salvador, Bruno Reis, confirmou que os vereadores Luiz Carlos (Republicanos) e Alberto Braga (Uni\u00e3o Brasil) assumir\u00e3o, nesta segunda-feira (24), as secretarias municipais de Infraestrutura (Seinfra) e de Inova\u00e7\u00e3o e Tecnologia (Semint), respectivamente.<\/p>\n\n\n\n<p>Com a sa\u00edda dos parlamentares, os suplentes Beca e\u00a0Orlando Palhinha ocupar\u00e3o suas cadeiras na C\u00e2mara Municipal, garantindo a continuidade dos trabalhos legislativos.<\/p>\n\n\n\n<p>Luiz Carlos j\u00e1 comandou a Seinfra entre 2021 e 2022, antes de deixar o cargo para que o atual vereador Julio Santos assumisse a pasta e entre 2023 e 2024, quando&nbsp;se afastou recentemente para disputar a reelei\u00e7\u00e3o municipal.<\/p>\n\n\n\n<p>J\u00e1 Alberto Braga declarou estar&nbsp;<em>&#8220;confort\u00e1vel&#8221;<\/em>&nbsp;e&nbsp;<em>&#8220;preparado&#8221;<\/em>&nbsp;para assumir a Secretaria de Inova\u00e7\u00e3o e Tecnologia.<\/p>\n\n\n\n<p>O an\u00fancio oficial dos novos secret\u00e1rios ser\u00e1 feito nesta segunda-feira (24) durante uma coletiva de imprensa no Pal\u00e1cio Thom\u00e9 de Souza.<\/p>\n\n\n\n<p>Fonte: Varela Net<\/p>\n","protected":false},"excerpt":{"rendered":"<p>O prefeito de Salvador, Bruno Reis, confirmou que os vereadores Luiz Carlos (Republicanos) e Alberto Braga (Uni\u00e3o Brasil) assumir\u00e3o, nesta segunda-feira (24), as secretarias municipais de Infraestrutura (Seinfra) e de Inova\u00e7\u00e3o e Tecnologia (Semint), respectivamente. Com a sa\u00edda dos parlamentares, os suplentes Beca e\u00a0Orlando Palhinha ocupar\u00e3o suas cadeiras na C\u00e2mara Municipal, garantindo a continuidade dos [&hellip;]<\/p>\n","protected":false},"author":2,"featured_media":11992,"comment_status":"open","ping_status":"open","sticky":false,"template":"","format":"standard","meta":{"jnews-multi-image_gallery":[],"jnews_single_post":[],"jnews_primary_category":[],"footnotes":""},"categories":[91],"tags":[],"class_list":["post-11991","post","type-post","status-publish","format-standard","has-post-thumbnail","hentry","category-politica"],"_links":{"self":[{"href":"https:\/\/cbxonline.com.br\/index.php\/wp-json\/wp\/v2\/posts\/11991","targetHints":{"allow":["GET"]}}],"collection":[{"href":"https:\/\/cbxonline.com.br\/index.php\/wp-json\/wp\/v2\/posts"}],"about":[{"href":"https:\/\/cbxonline.com.br\/index.php\/wp-json\/wp\/v2\/types\/post"}],"author":[{"embeddable":true,"href":"https:\/\/cbxonline.com.br\/index.php\/wp-json\/wp\/v2\/users\/2"}],"replies":[{"embeddable":true,"href":"https:\/\/cbxonline.com.br\/index.php\/wp-json\/wp\/v2\/comments?post=11991"}],"version-history":[{"count":1,"href":"https:\/\/cbxonline.com.br\/index.php\/wp-json\/wp\/v2\/posts\/11991\/revisions"}],"predecessor-version":[{"id":11993,"href":"https:\/\/cbxonline.com.br\/index.php\/wp-json\/wp\/v2\/posts\/11991\/revisions\/11993"}],"wp:featuredmedia":[{"embeddable":true,"href":"https:\/\/cbxonline.com.br\/index.php\/wp-json\/wp\/v2\/media\/11992"}],"wp:attachment":[{"href":"https:\/\/cbxonline.com.br\/index.php\/wp-json\/wp\/v2\/media?parent=11991"}],"wp:term":[{"taxonomy":"category","embeddable":true,"href":"https:\/\/cbxonline.com.br\/index.php\/wp-json\/wp\/v2\/categories?post=11991"},{"taxonomy":"post_tag","embeddable":true,"href":"https:\/\/cbxonline.com.br\/index.php\/wp-json\/wp\/v2\/tags?post=11991"}],"curies":[{"name":"wp","href":"https:\/\/api.w.org\/{rel}","templated":true}]}}