{"id":11978,"date":"2025-02-20T11:28:44","date_gmt":"2025-02-20T14:28:44","guid":{"rendered":"https:\/\/cbxonline.com.br\/?p=11978"},"modified":"2025-02-20T11:28:45","modified_gmt":"2025-02-20T14:28:45","slug":"prefeito-bruno-reis-confirma-retorno-de-palhinha-a-camara-municipal-de-salvador","status":"publish","type":"post","link":"https:\/\/cbxonline.com.br\/index.php\/2025\/02\/20\/prefeito-bruno-reis-confirma-retorno-de-palhinha-a-camara-municipal-de-salvador\/","title":{"rendered":"Prefeito Bruno Reis confirma retorno de Palhinha \u00e0 C\u00e2mara Municipal de Salvador"},"content":{"rendered":"\n<p>O prefeito&nbsp;Bruno Reis, anunciou na manh\u00e3 desta quinta-feira (20) que o vereador Palhinha retornar\u00e1 \u00e0 C\u00e2mara Municipal. O an\u00fancio foi feito durante a inaugura\u00e7\u00e3o da escola que homenageia o comunicador Raimundo Varela, no complexo Man\u00e9 Dend\u00ea.<\/p>\n\n\n\n<p><em>&#8220;Meu vereador Palhinha, voc\u00ea j\u00e1 comprou o terno? Vamos l\u00e1, convidar voc\u00eas para segunda-feira, 11 horas da manh\u00e3, a posse do vereador Palhinha na C\u00e2mara Municipal de Salvador&#8221;,<\/em>&nbsp;declarou Bruno Reis.<\/p>\n\n\n\n<p>Para viabilizar o retorno de Palhinha ao Legislativo, um dos vereadores do partido do prefeito precisar\u00e1 deixar a Casa. Nos bastidores, especula-se que Alberto Braga (Uni\u00e3o) possa ser indicado para assumir uma secretaria municipal.<\/p>\n\n\n\n<p>Durante o evento, Bruno Reis brincou com Palhinha sobre a posse:&nbsp;<em>\u201cSe estiver sem dinheiro para comprar um terno novo, v\u00e1 l\u00e1 na prefeitura que eu empresto meu cart\u00e3o. Mas parcele em 12 vezes, viu? Sen\u00e3o, n\u00e3o consigo pagar\u201d,<\/em>&nbsp;disse, arrancando risos do p\u00fablico.<\/p>\n\n\n\n<p>Ao encerrar o discurso, o prefeito refor\u00e7ou sua satisfa\u00e7\u00e3o com a volta do vereador.<em>\u00a0\u201cPalhinha vai voltar para o lugar de onde nunca deveria ter sa\u00eddo\u201d,<\/em>\u00a0concluiu.<\/p>\n\n\n\n<p>Fonte: Varela Net <\/p>\n","protected":false},"excerpt":{"rendered":"<p>O prefeito&nbsp;Bruno Reis, anunciou na manh\u00e3 desta quinta-feira (20) que o vereador Palhinha retornar\u00e1 \u00e0 C\u00e2mara Municipal. O an\u00fancio foi feito durante a inaugura\u00e7\u00e3o da escola que homenageia o comunicador Raimundo Varela, no complexo Man\u00e9 Dend\u00ea. &#8220;Meu vereador Palhinha, voc\u00ea j\u00e1 comprou o terno? Vamos l\u00e1, convidar voc\u00eas para segunda-feira, 11 horas da manh\u00e3, a [&hellip;]<\/p>\n","protected":false},"author":2,"featured_media":11979,"comment_status":"open","ping_status":"open","sticky":false,"template":"","format":"standard","meta":{"jnews-multi-image_gallery":[],"jnews_single_post":{"subtitle":"","format":"standard","video":"","gallery":"","source_name":"","source_url":"","via_name":"","via_url":"","override_template":"0","override":[{"template":"1","single_blog_custom":"","parallax":"1","fullscreen":"1","layout":"right-sidebar","sidebar":"default-sidebar","second_sidebar":"default-sidebar","sticky_sidebar":"1","share_position":"top","share_float_style":"share-monocrhome","show_share_counter":"0","show_view_counter":"0","show_featured":"1","show_post_meta":"1","show_post_author":"0","show_post_author_image":"1","show_post_date":"1","post_date_format":"default","post_date_format_custom":"Y\/m\/d","show_post_category":"1","show_post_reading_time":"0","post_reading_time_wpm":"300","show_zoom_button":"0","zoom_button_out_step":"2","zoom_button_in_step":"3","show_post_tag":"1","show_prev_next_post":"1","show_popup_post":"1","number_popup_post":"1","show_author_box":"0","show_post_related":"0","show_inline_post_related":"0"}],"override_image_size":"0","image_override":[{"single_post_thumbnail_size":"no-crop","single_post_gallery_size":"crop-715"}],"trending_post":"0","trending_post_position":"meta","trending_post_label":"Trending","sponsored_post":"0","sponsored_post_label":"Sponsored by","sponsored_post_name":"","sponsored_post_url":"","sponsored_post_logo_enable":"0","sponsored_post_logo":"","sponsored_post_desc":"","disable_ad":"0"},"jnews_primary_category":{"id":"","hide":""},"footnotes":""},"categories":[91],"tags":[],"class_list":["post-11978","post","type-post","status-publish","format-standard","has-post-thumbnail","hentry","category-politica"],"_links":{"self":[{"href":"https:\/\/cbxonline.com.br\/index.php\/wp-json\/wp\/v2\/posts\/11978","targetHints":{"allow":["GET"]}}],"collection":[{"href":"https:\/\/cbxonline.com.br\/index.php\/wp-json\/wp\/v2\/posts"}],"about":[{"href":"https:\/\/cbxonline.com.br\/index.php\/wp-json\/wp\/v2\/types\/post"}],"author":[{"embeddable":true,"href":"https:\/\/cbxonline.com.br\/index.php\/wp-json\/wp\/v2\/users\/2"}],"replies":[{"embeddable":true,"href":"https:\/\/cbxonline.com.br\/index.php\/wp-json\/wp\/v2\/comments?post=11978"}],"version-history":[{"count":1,"href":"https:\/\/cbxonline.com.br\/index.php\/wp-json\/wp\/v2\/posts\/11978\/revisions"}],"predecessor-version":[{"id":11980,"href":"https:\/\/cbxonline.com.br\/index.php\/wp-json\/wp\/v2\/posts\/11978\/revisions\/11980"}],"wp:featuredmedia":[{"embeddable":true,"href":"https:\/\/cbxonline.com.br\/index.php\/wp-json\/wp\/v2\/media\/11979"}],"wp:attachment":[{"href":"https:\/\/cbxonline.com.br\/index.php\/wp-json\/wp\/v2\/media?parent=11978"}],"wp:term":[{"taxonomy":"category","embeddable":true,"href":"https:\/\/cbxonline.com.br\/index.php\/wp-json\/wp\/v2\/categories?post=11978"},{"taxonomy":"post_tag","embeddable":true,"href":"https:\/\/cbxonline.com.br\/index.php\/wp-json\/wp\/v2\/tags?post=11978"}],"curies":[{"name":"wp","href":"https:\/\/api.w.org\/{rel}","templated":true}]}}