{"id":11946,"date":"2025-02-14T10:30:50","date_gmt":"2025-02-14T13:30:50","guid":{"rendered":"https:\/\/cbxonline.com.br\/?p=11946"},"modified":"2025-02-14T10:30:51","modified_gmt":"2025-02-14T13:30:51","slug":"geraldo-junior-comenta-sobre-o-carnaval-de-2025-sera-o-maior-da-historia-da-bahia","status":"publish","type":"post","link":"https:\/\/cbxonline.com.br\/index.php\/2025\/02\/14\/geraldo-junior-comenta-sobre-o-carnaval-de-2025-sera-o-maior-da-historia-da-bahia\/","title":{"rendered":"Geraldo J\u00fanior comenta sobre o Carnaval de 2025: &#8220;Ser\u00e1 o maior da hist\u00f3ria da Bahia&#8221;"},"content":{"rendered":"\n<p>Nesta quinta-feira (13), o vice-governador e coordenador do Carnaval 2025, Geraldo J\u00fanior, participou do evento de inaugura\u00e7\u00e3o da Bahia Filmes, a primeira empresa estadual de audiovisual do Brasil. Perguntado sobre a situa\u00e7\u00e3o do Carnaval no Santo Ant\u00f4nio Al\u00e9m do Carmo, Geraldo respondeu:<\/p>\n\n\n\n<p>&#8220;O que nos precisamos \u00e9 entender que o Carnaval do Carmo, do Centro Hist\u00f3rico, merece a respeitabilidade do povo baiano. Temos nos reunido com o secret\u00e1rio Bruno Monteiro. Estabelecemos uma rela\u00e7\u00e3o de contato com interlocutores da prefeitura e do estado. O Minist\u00e9rio P\u00fablico tem seu papel fundamental na fiscaliza\u00e7\u00e3o. Temos os doutores Arthur e Aldo, que s\u00e3o sub-coordenadores do Carnaval. Com certeza, l\u00e1 ter\u00e1 o apoio da seguran\u00e7a p\u00fablica, l\u00e1 nos cuidaremos do foli\u00e3o da nossa cidade, do estado, internacional.&nbsp;<\/p>\n\n\n\n<p>No final de sua fala, o coordenador do Carnaval garantiu que o evento &#8220;ser\u00e1 o maior da hist\u00f3ria da Bahia&#8221;.<br>&nbsp;<\/p>\n\n\n\n<p>Fonte: Varela Net <\/p>\n","protected":false},"excerpt":{"rendered":"<p>Nesta quinta-feira (13), o vice-governador e coordenador do Carnaval 2025, Geraldo J\u00fanior, participou do evento de inaugura\u00e7\u00e3o da Bahia Filmes, a primeira empresa estadual de audiovisual do Brasil. Perguntado sobre a situa\u00e7\u00e3o do Carnaval no Santo Ant\u00f4nio Al\u00e9m do Carmo, Geraldo respondeu: &#8220;O que nos precisamos \u00e9 entender que o Carnaval do Carmo, do Centro [&hellip;]<\/p>\n","protected":false},"author":2,"featured_media":11947,"comment_status":"open","ping_status":"open","sticky":false,"template":"","format":"standard","meta":{"jnews-multi-image_gallery":[],"jnews_single_post":{"subtitle":"","format":"standard","video":"","gallery":"","source_name":"","source_url":"","via_name":"","via_url":"","override_template":"0","override":[{"template":"1","single_blog_custom":"","parallax":"1","fullscreen":"1","layout":"right-sidebar","sidebar":"default-sidebar","second_sidebar":"default-sidebar","sticky_sidebar":"1","share_position":"top","share_float_style":"share-monocrhome","show_share_counter":"0","show_view_counter":"0","show_featured":"1","show_post_meta":"1","show_post_author":"0","show_post_author_image":"1","show_post_date":"1","post_date_format":"default","post_date_format_custom":"Y\/m\/d","show_post_category":"1","show_post_reading_time":"0","post_reading_time_wpm":"300","show_zoom_button":"0","zoom_button_out_step":"2","zoom_button_in_step":"3","show_post_tag":"1","show_prev_next_post":"1","show_popup_post":"1","number_popup_post":"1","show_author_box":"0","show_post_related":"0","show_inline_post_related":"0"}],"override_image_size":"0","image_override":[{"single_post_thumbnail_size":"no-crop","single_post_gallery_size":"crop-715"}],"trending_post":"0","trending_post_position":"meta","trending_post_label":"Trending","sponsored_post":"0","sponsored_post_label":"Sponsored by","sponsored_post_name":"","sponsored_post_url":"","sponsored_post_logo_enable":"0","sponsored_post_logo":"","sponsored_post_desc":"","disable_ad":"0"},"jnews_primary_category":{"id":"","hide":""},"footnotes":""},"categories":[91],"tags":[],"class_list":["post-11946","post","type-post","status-publish","format-standard","has-post-thumbnail","hentry","category-politica"],"_links":{"self":[{"href":"https:\/\/cbxonline.com.br\/index.php\/wp-json\/wp\/v2\/posts\/11946","targetHints":{"allow":["GET"]}}],"collection":[{"href":"https:\/\/cbxonline.com.br\/index.php\/wp-json\/wp\/v2\/posts"}],"about":[{"href":"https:\/\/cbxonline.com.br\/index.php\/wp-json\/wp\/v2\/types\/post"}],"author":[{"embeddable":true,"href":"https:\/\/cbxonline.com.br\/index.php\/wp-json\/wp\/v2\/users\/2"}],"replies":[{"embeddable":true,"href":"https:\/\/cbxonline.com.br\/index.php\/wp-json\/wp\/v2\/comments?post=11946"}],"version-history":[{"count":1,"href":"https:\/\/cbxonline.com.br\/index.php\/wp-json\/wp\/v2\/posts\/11946\/revisions"}],"predecessor-version":[{"id":11948,"href":"https:\/\/cbxonline.com.br\/index.php\/wp-json\/wp\/v2\/posts\/11946\/revisions\/11948"}],"wp:featuredmedia":[{"embeddable":true,"href":"https:\/\/cbxonline.com.br\/index.php\/wp-json\/wp\/v2\/media\/11947"}],"wp:attachment":[{"href":"https:\/\/cbxonline.com.br\/index.php\/wp-json\/wp\/v2\/media?parent=11946"}],"wp:term":[{"taxonomy":"category","embeddable":true,"href":"https:\/\/cbxonline.com.br\/index.php\/wp-json\/wp\/v2\/categories?post=11946"},{"taxonomy":"post_tag","embeddable":true,"href":"https:\/\/cbxonline.com.br\/index.php\/wp-json\/wp\/v2\/tags?post=11946"}],"curies":[{"name":"wp","href":"https:\/\/api.w.org\/{rel}","templated":true}]}}