{"id":11861,"date":"2025-02-06T11:29:41","date_gmt":"2025-02-06T14:29:41","guid":{"rendered":"https:\/\/cbxonline.com.br\/?p=11861"},"modified":"2025-02-06T11:29:43","modified_gmt":"2025-02-06T14:29:43","slug":"sidninho-assume-presidencia-da-ccj-apos-impasses-com-pp","status":"publish","type":"post","link":"https:\/\/cbxonline.com.br\/index.php\/2025\/02\/06\/sidninho-assume-presidencia-da-ccj-apos-impasses-com-pp\/","title":{"rendered":"Sidninho assume presid\u00eancia da CCJ ap\u00f3s impasses com PP"},"content":{"rendered":"\n<p>O vereador Sidninho (PP) assumiu a presid\u00eancia da Comiss\u00e3o de Constitui\u00e7\u00e3o e Justi\u00e7a (CCJ) na C\u00e2mara Municipal de Salvador (CMS). A indica\u00e7\u00e3o do edil foi publicada no Di\u00e1rio Oficial do Legislativo (DOL) na edi\u00e7\u00e3o de quarta-feira (5).<\/p>\n\n\n\n<p>A chegada de Sidninho \u00e0 presid\u00eancia da CCJ ocorreu um dia ap\u00f3s o pepista afrimar que deixaria o PP devido a uma \u201cinsatisfa\u00e7\u00e3o pessoal\u201d. Durante uma sess\u00e3o ordin\u00e1ria na CMS, na ter\u00e7a-feira (4), o vereador revelou que alguns acordos firmados pela legenda n\u00e3o estariam sendo cumpridos.<\/p>\n\n\n\n<p>O \u201cpeso\u201d para romper com o partido ganhou ainda mais for\u00e7a diante da aproxima\u00e7\u00e3o da sigla da base de Jer\u00f4nimo Rodrigues, articula\u00e7\u00e3o criticada pelo vereador.&nbsp;O nome de Sidninho no cargo mais alto da comiss\u00e3o causou surpresa. Em legislaturas anteriores, a vaga foi destinada a vereadores no partido do prefeito da cidade.<\/p>\n\n\n\n<p>Na comiss\u00e3o, a l\u00edder da oposi\u00e7\u00e3o, Aladilce Souza (PCdoB), ficou na 2\u00ba vice-presid\u00eancia. A CCJ ter\u00e1 como membros na vice-presid\u00eancia os vereadores Maur\u00edcio Trindade (PP), Rodrigo Amaral (PSDB), J\u00falio Santos (Republicanos), Duda Sanches (Uni\u00e3o Brasil) e Omarzinho (PDT).<\/p>\n\n\n\n<p>Na supl\u00eancia est\u00e3o: Marta Rodrigues (PT) e o l\u00edder do governo Kiki Bispo (Uni\u00e3o Brasil).<\/p>\n\n\n\n<figure class=\"wp-block-image\" id=\"attachment_463791\"><img decoding=\"async\" src=\"https:\/\/d1x4bjge7r9nas.cloudfront.net\/wp-content\/uploads\/2025\/02\/06092435\/New-Picture-1.png\" alt=\"\" class=\"wp-image-463791\"\/><\/figure>\n\n\n\n<p>Fonte: Bahia.ba <\/p>\n","protected":false},"excerpt":{"rendered":"<p>O vereador Sidninho (PP) assumiu a presid\u00eancia da Comiss\u00e3o de Constitui\u00e7\u00e3o e Justi\u00e7a (CCJ) na C\u00e2mara Municipal de Salvador (CMS). A indica\u00e7\u00e3o do edil foi publicada no Di\u00e1rio Oficial do Legislativo (DOL) na edi\u00e7\u00e3o de quarta-feira (5). A chegada de Sidninho \u00e0 presid\u00eancia da CCJ ocorreu um dia ap\u00f3s o pepista afrimar que deixaria o [&hellip;]<\/p>\n","protected":false},"author":2,"featured_media":11863,"comment_status":"open","ping_status":"open","sticky":false,"template":"","format":"standard","meta":{"jnews-multi-image_gallery":[],"jnews_single_post":{"subtitle":"","format":"standard","video":"","gallery":"","source_name":"","source_url":"","via_name":"","via_url":"","override_template":"0","override":[{"template":"1","single_blog_custom":"","parallax":"1","fullscreen":"1","layout":"right-sidebar","sidebar":"default-sidebar","second_sidebar":"default-sidebar","sticky_sidebar":"1","share_position":"top","share_float_style":"share-monocrhome","show_share_counter":"0","show_view_counter":"0","show_featured":"1","show_post_meta":"1","show_post_author":"0","show_post_author_image":"1","show_post_date":"1","post_date_format":"default","post_date_format_custom":"Y\/m\/d","show_post_category":"1","show_post_reading_time":"0","post_reading_time_wpm":"300","show_zoom_button":"0","zoom_button_out_step":"2","zoom_button_in_step":"3","show_post_tag":"1","show_prev_next_post":"1","show_popup_post":"1","number_popup_post":"1","show_author_box":"0","show_post_related":"0","show_inline_post_related":"0"}],"override_image_size":"0","image_override":[{"single_post_thumbnail_size":"no-crop","single_post_gallery_size":"crop-715"}],"trending_post":"0","trending_post_position":"meta","trending_post_label":"Trending","sponsored_post":"0","sponsored_post_label":"Sponsored by","sponsored_post_name":"","sponsored_post_url":"","sponsored_post_logo_enable":"0","sponsored_post_logo":"","sponsored_post_desc":"","disable_ad":"0"},"jnews_primary_category":{"id":"","hide":""},"footnotes":""},"categories":[91],"tags":[],"class_list":["post-11861","post","type-post","status-publish","format-standard","has-post-thumbnail","hentry","category-politica"],"_links":{"self":[{"href":"https:\/\/cbxonline.com.br\/index.php\/wp-json\/wp\/v2\/posts\/11861","targetHints":{"allow":["GET"]}}],"collection":[{"href":"https:\/\/cbxonline.com.br\/index.php\/wp-json\/wp\/v2\/posts"}],"about":[{"href":"https:\/\/cbxonline.com.br\/index.php\/wp-json\/wp\/v2\/types\/post"}],"author":[{"embeddable":true,"href":"https:\/\/cbxonline.com.br\/index.php\/wp-json\/wp\/v2\/users\/2"}],"replies":[{"embeddable":true,"href":"https:\/\/cbxonline.com.br\/index.php\/wp-json\/wp\/v2\/comments?post=11861"}],"version-history":[{"count":1,"href":"https:\/\/cbxonline.com.br\/index.php\/wp-json\/wp\/v2\/posts\/11861\/revisions"}],"predecessor-version":[{"id":11864,"href":"https:\/\/cbxonline.com.br\/index.php\/wp-json\/wp\/v2\/posts\/11861\/revisions\/11864"}],"wp:featuredmedia":[{"embeddable":true,"href":"https:\/\/cbxonline.com.br\/index.php\/wp-json\/wp\/v2\/media\/11863"}],"wp:attachment":[{"href":"https:\/\/cbxonline.com.br\/index.php\/wp-json\/wp\/v2\/media?parent=11861"}],"wp:term":[{"taxonomy":"category","embeddable":true,"href":"https:\/\/cbxonline.com.br\/index.php\/wp-json\/wp\/v2\/categories?post=11861"},{"taxonomy":"post_tag","embeddable":true,"href":"https:\/\/cbxonline.com.br\/index.php\/wp-json\/wp\/v2\/tags?post=11861"}],"curies":[{"name":"wp","href":"https:\/\/api.w.org\/{rel}","templated":true}]}}