{"id":11830,"date":"2025-02-04T14:07:14","date_gmt":"2025-02-04T17:07:14","guid":{"rendered":"https:\/\/cbxonline.com.br\/?p=11830"},"modified":"2025-02-04T14:07:16","modified_gmt":"2025-02-04T17:07:16","slug":"suspeito-de-matar-morador-de-rua-em-salvador-e-preso-em-estacao-do-metro","status":"publish","type":"post","link":"https:\/\/cbxonline.com.br\/index.php\/2025\/02\/04\/suspeito-de-matar-morador-de-rua-em-salvador-e-preso-em-estacao-do-metro\/","title":{"rendered":"Suspeito de matar morador de rua em Salvador \u00e9 preso em esta\u00e7\u00e3o do metr\u00f4"},"content":{"rendered":"\n<p>Um homem suspeito de matar Robson Oliveira da Silva, morador de rua, em Salvador teve o mandado de pris\u00e3o tempor\u00e1ria cumprido na segunda-feira (3), numa Esta\u00e7\u00e3o de Metr\u00f4 no centro de Lauro de Freitas, na Regi\u00e3o Metropolitana, na segunda-feira, 3.<\/p>\n\n\n\n<p>O crime ocorreu no dia 12 de dezembro de 2024. De acordo com as investiga\u00e7\u00f5es realizadas pela unidade especializada, a v\u00edtima era morador de rua e se desentendeu com outro homem na frente de um estabelecimento. A identidade do suspeito n\u00e3o foi revelada.<\/p>\n\n\n\n<p>\u201cA dupla estava brigando, se agrediu com pedradas, e o autor, que era seguran\u00e7a do local, reclamou, mas n\u00e3o foi atendido. Ele discutiu com os homens, sacou uma arma e atirou na v\u00edtima\u201d, explicou o titular da unidade especializada, delegado Ademar Tanner.<\/p>\n\n\n\n<p>Logo ap\u00f3s o crime, intima\u00e7\u00f5es, oitivas e dilig\u00eancias foram realizadas por equipes da 3\u00aa DH\/BTS, que estavam apurando o caso. \u201cConclu\u00edmos o relat\u00f3rio de investiga\u00e7\u00e3o e representamos pela pris\u00e3o do suspeito, decretada pelo 1\u00ba Ju\u00edzo da 2\u00aa Vara do Tribunal do J\u00fari\u201d, informou Tanner.<\/p>\n\n\n\n<p>Com o comprimento da ordem judicial, o homem foi submetido aos exames de les\u00f5es e est\u00e1 \u00e0 disposi\u00e7\u00e3o do Poder Judici\u00e1rio.<\/p>\n\n\n\n<p>Fonte: Varela Net <\/p>\n","protected":false},"excerpt":{"rendered":"<p>Um homem suspeito de matar Robson Oliveira da Silva, morador de rua, em Salvador teve o mandado de pris\u00e3o tempor\u00e1ria cumprido na segunda-feira (3), numa Esta\u00e7\u00e3o de Metr\u00f4 no centro de Lauro de Freitas, na Regi\u00e3o Metropolitana, na segunda-feira, 3. O crime ocorreu no dia 12 de dezembro de 2024. De acordo com as investiga\u00e7\u00f5es [&hellip;]<\/p>\n","protected":false},"author":2,"featured_media":11831,"comment_status":"open","ping_status":"open","sticky":false,"template":"","format":"standard","meta":{"jnews-multi-image_gallery":[],"jnews_single_post":{"subtitle":"","format":"standard","video":"","gallery":"","source_name":"","source_url":"","via_name":"","via_url":"","override_template":"0","override":[{"template":"1","single_blog_custom":"","parallax":"1","fullscreen":"1","layout":"right-sidebar","sidebar":"default-sidebar","second_sidebar":"default-sidebar","sticky_sidebar":"1","share_position":"top","share_float_style":"share-monocrhome","show_share_counter":"0","show_view_counter":"0","show_featured":"1","show_post_meta":"1","show_post_author":"0","show_post_author_image":"1","show_post_date":"1","post_date_format":"default","post_date_format_custom":"Y\/m\/d","show_post_category":"1","show_post_reading_time":"0","post_reading_time_wpm":"300","show_zoom_button":"0","zoom_button_out_step":"2","zoom_button_in_step":"3","show_post_tag":"1","show_prev_next_post":"1","show_popup_post":"1","number_popup_post":"1","show_author_box":"0","show_post_related":"0","show_inline_post_related":"0"}],"override_image_size":"0","image_override":[{"single_post_thumbnail_size":"no-crop","single_post_gallery_size":"crop-715"}],"trending_post":"0","trending_post_position":"meta","trending_post_label":"Trending","sponsored_post":"0","sponsored_post_label":"Sponsored by","sponsored_post_name":"","sponsored_post_url":"","sponsored_post_logo_enable":"0","sponsored_post_logo":"","sponsored_post_desc":"","disable_ad":"0"},"jnews_primary_category":{"id":"","hide":""},"footnotes":""},"categories":[105],"tags":[],"class_list":["post-11830","post","type-post","status-publish","format-standard","has-post-thumbnail","hentry","category-policia"],"_links":{"self":[{"href":"https:\/\/cbxonline.com.br\/index.php\/wp-json\/wp\/v2\/posts\/11830","targetHints":{"allow":["GET"]}}],"collection":[{"href":"https:\/\/cbxonline.com.br\/index.php\/wp-json\/wp\/v2\/posts"}],"about":[{"href":"https:\/\/cbxonline.com.br\/index.php\/wp-json\/wp\/v2\/types\/post"}],"author":[{"embeddable":true,"href":"https:\/\/cbxonline.com.br\/index.php\/wp-json\/wp\/v2\/users\/2"}],"replies":[{"embeddable":true,"href":"https:\/\/cbxonline.com.br\/index.php\/wp-json\/wp\/v2\/comments?post=11830"}],"version-history":[{"count":1,"href":"https:\/\/cbxonline.com.br\/index.php\/wp-json\/wp\/v2\/posts\/11830\/revisions"}],"predecessor-version":[{"id":11832,"href":"https:\/\/cbxonline.com.br\/index.php\/wp-json\/wp\/v2\/posts\/11830\/revisions\/11832"}],"wp:featuredmedia":[{"embeddable":true,"href":"https:\/\/cbxonline.com.br\/index.php\/wp-json\/wp\/v2\/media\/11831"}],"wp:attachment":[{"href":"https:\/\/cbxonline.com.br\/index.php\/wp-json\/wp\/v2\/media?parent=11830"}],"wp:term":[{"taxonomy":"category","embeddable":true,"href":"https:\/\/cbxonline.com.br\/index.php\/wp-json\/wp\/v2\/categories?post=11830"},{"taxonomy":"post_tag","embeddable":true,"href":"https:\/\/cbxonline.com.br\/index.php\/wp-json\/wp\/v2\/tags?post=11830"}],"curies":[{"name":"wp","href":"https:\/\/api.w.org\/{rel}","templated":true}]}}