{"id":11796,"date":"2025-01-30T21:59:31","date_gmt":"2025-01-31T00:59:31","guid":{"rendered":"https:\/\/cbxonline.com.br\/?p=11796"},"modified":"2025-01-30T21:59:31","modified_gmt":"2025-01-31T00:59:31","slug":"prefeitura-entrega-novos-onibus-climatizados-para-a-frota-municipal","status":"publish","type":"post","link":"https:\/\/cbxonline.com.br\/index.php\/2025\/01\/30\/prefeitura-entrega-novos-onibus-climatizados-para-a-frota-municipal\/","title":{"rendered":"Prefeitura entrega novos \u00f4nibus climatizados para a frota municipal"},"content":{"rendered":"\n<p>Nesta quinta-feira (30), a prefeitura de Salvador entregou 39 novos \u00f4nibus com ar-condicionado para a frota de transporte p\u00fablico para a capital baiana, \u00e0s 9h, no estacionamento do Jardim de Alah, na avenida Oct\u00e1vio Mangabeira.&nbsp;<br \/>&nbsp;<br \/>&nbsp;As novas aquisi\u00e7\u00f5es ir\u00e3o atender o BRT e o Sistema de Transporte Coletivo por \u00d4nibus (STCO).&nbsp;<\/p>\n\n\n\n<p>&nbsp;Durante a entrega, o prefeito Bruno Reis comentou que, at\u00e9 o final do m\u00eas, Salvador chegar\u00e1 a 42% da frota com ar-condicionado, al\u00e9m da aquisi\u00e7\u00e3o de novos 390 \u00f4nibus, com 300 \u00f4nibus convencionais e 90 el\u00e9tricos.<\/p>\n\n\n\n<p>&nbsp;Segundo o secret\u00e1rio de Mobilidade Fabrizzio Muller, &#8220;as aquisi\u00e7\u00f5es demonstram claramente que a prefeitura est\u00e1 com objetivos claros de melhorar o transporte p\u00fablico da cidade, transporte esse que vive um momento de muito dificuldade no Brasil. Isso n\u00e3o \u00e9 segredo para ningu\u00e9m, a pandemia trouxe consequ\u00eancias negativas para o transporte, mas a prefeitura vem fazendo sua parte&#8221;, disse em coletiva antes da entrega.&nbsp;<\/p>\n\n\n\n<p>Fonte: Varela Net<\/p>\n","protected":false},"excerpt":{"rendered":"<p>Nesta quinta-feira (30), a prefeitura de Salvador entregou 39 novos \u00f4nibus com ar-condicionado para a frota de transporte p\u00fablico para a capital baiana, \u00e0s 9h, no estacionamento do Jardim de Alah, na avenida Oct\u00e1vio Mangabeira.&nbsp;&nbsp;&nbsp;As novas aquisi\u00e7\u00f5es ir\u00e3o atender o BRT e o Sistema de Transporte Coletivo por \u00d4nibus (STCO).&nbsp; &nbsp;Durante a entrega, o prefeito [&hellip;]<\/p>\n","protected":false},"author":2,"featured_media":11795,"comment_status":"closed","ping_status":"open","sticky":false,"template":"","format":"standard","meta":{"jnews-multi-image_gallery":[],"jnews_single_post":[],"jnews_primary_category":[],"footnotes":""},"categories":[91],"tags":[],"class_list":["post-11796","post","type-post","status-publish","format-standard","has-post-thumbnail","hentry","category-politica"],"_links":{"self":[{"href":"https:\/\/cbxonline.com.br\/index.php\/wp-json\/wp\/v2\/posts\/11796","targetHints":{"allow":["GET"]}}],"collection":[{"href":"https:\/\/cbxonline.com.br\/index.php\/wp-json\/wp\/v2\/posts"}],"about":[{"href":"https:\/\/cbxonline.com.br\/index.php\/wp-json\/wp\/v2\/types\/post"}],"author":[{"embeddable":true,"href":"https:\/\/cbxonline.com.br\/index.php\/wp-json\/wp\/v2\/users\/2"}],"replies":[{"embeddable":true,"href":"https:\/\/cbxonline.com.br\/index.php\/wp-json\/wp\/v2\/comments?post=11796"}],"version-history":[{"count":1,"href":"https:\/\/cbxonline.com.br\/index.php\/wp-json\/wp\/v2\/posts\/11796\/revisions"}],"predecessor-version":[{"id":11797,"href":"https:\/\/cbxonline.com.br\/index.php\/wp-json\/wp\/v2\/posts\/11796\/revisions\/11797"}],"wp:featuredmedia":[{"embeddable":true,"href":"https:\/\/cbxonline.com.br\/index.php\/wp-json\/wp\/v2\/media\/11795"}],"wp:attachment":[{"href":"https:\/\/cbxonline.com.br\/index.php\/wp-json\/wp\/v2\/media?parent=11796"}],"wp:term":[{"taxonomy":"category","embeddable":true,"href":"https:\/\/cbxonline.com.br\/index.php\/wp-json\/wp\/v2\/categories?post=11796"},{"taxonomy":"post_tag","embeddable":true,"href":"https:\/\/cbxonline.com.br\/index.php\/wp-json\/wp\/v2\/tags?post=11796"}],"curies":[{"name":"wp","href":"https:\/\/api.w.org\/{rel}","templated":true}]}}