{"id":11793,"date":"2025-01-30T21:58:49","date_gmt":"2025-01-31T00:58:49","guid":{"rendered":"https:\/\/cbxonline.com.br\/?p=11793"},"modified":"2025-01-30T21:58:49","modified_gmt":"2025-01-31T00:58:49","slug":"bruno-reis-fala-sobre-manifestacao-dos-ambulantes-no-porto-da-barra","status":"publish","type":"post","link":"https:\/\/cbxonline.com.br\/index.php\/2025\/01\/30\/bruno-reis-fala-sobre-manifestacao-dos-ambulantes-no-porto-da-barra\/","title":{"rendered":"Bruno Reis fala sobre manifesta\u00e7\u00e3o dos ambulantes no Porto da Barra"},"content":{"rendered":"\n<p>O prefeito de Salvador, Bruno Reis, esteve presente na manh\u00e3 desta quinta-feira (30) na cerim\u00f4nia de entrega de 39 novos \u00f4nibus que ir\u00e3o integrar a frota do transporte p\u00fablico da capital baiana. O evento ocorreu na avenida Oct\u00e1vio Mangabeira.<\/p>\n\n\n\n<p>Durante uma entrevista coletiva, o prefeito foi indagado sobre o protesto realizado pelos ambulantes do Porto da Barra, que se op\u00f5em \u00e0 restri\u00e7\u00e3o do uso de sombrinhas e cadeiras na areia da praia. Bruno comentou que o protesto n\u00e3o alcan\u00e7ou o resultado esperado, pois os visitantes da praia preferem um espa\u00e7o com menos mesas e cadeiras.<\/p>\n\n\n\n<p><em>&#8220;O protesto acho que virou, voltou-se contra eles. Ficou evidente nas redes sociais que pela popula\u00e7\u00e3o n\u00e3o teria barraqueiro nenhum, mas o prefeito tem o dever de equilibrar a necessidade que as pessoas t\u00eam de trabalhar, de ganhar o seu dinheiro para sustentar suas fam\u00edlias com a utiliza\u00e7\u00e3o dos espa\u00e7os p\u00fablicos&#8221;,&nbsp;<\/em>afirmou.&nbsp;<\/p>\n\n\n\n<p>Bruno Reis destacou que, para atuar na regi\u00e3o, existem regras acordadas no passado, mas que n\u00e3o estavam sendo cumpridas pelos ambulantes.&nbsp;<em>&#8220;Ent\u00e3o, existiam regras ali, definidas e acordadas anteriormente, que n\u00e3o vinham sendo cumpridas e elas ter\u00e3o que ser cumpridas. E eu n\u00e3o tenho d\u00favidas que o amplo apoio popular \u00e9 para que as regras sejam cumpridas, ou seja, o cidad\u00e3o possa utilizar a praia, possa ter o direito de optar ou n\u00e3o por pagar um valor pelo sombreiro e pela cadeira. E possam ter o espa\u00e7o p\u00fablico para utilizar. Tanto que eles voltaram quando perceberam que a popula\u00e7\u00e3o estava contra e se fosse o desejo da popula\u00e7\u00e3o, a praia ficaria livre, sem qualquer sombreiro ou cadeira&#8221;,<\/em>&nbsp;finalizou.<\/p>\n\n\n\n<p>Fonte: Varela Net<\/p>\n","protected":false},"excerpt":{"rendered":"<p>O prefeito de Salvador, Bruno Reis, esteve presente na manh\u00e3 desta quinta-feira (30) na cerim\u00f4nia de entrega de 39 novos \u00f4nibus que ir\u00e3o integrar a frota do transporte p\u00fablico da capital baiana. O evento ocorreu na avenida Oct\u00e1vio Mangabeira. Durante uma entrevista coletiva, o prefeito foi indagado sobre o protesto realizado pelos ambulantes do Porto [&hellip;]<\/p>\n","protected":false},"author":2,"featured_media":11792,"comment_status":"closed","ping_status":"open","sticky":false,"template":"","format":"standard","meta":{"jnews-multi-image_gallery":[],"jnews_single_post":[],"jnews_primary_category":[],"footnotes":""},"categories":[91],"tags":[],"class_list":["post-11793","post","type-post","status-publish","format-standard","has-post-thumbnail","hentry","category-politica"],"_links":{"self":[{"href":"https:\/\/cbxonline.com.br\/index.php\/wp-json\/wp\/v2\/posts\/11793","targetHints":{"allow":["GET"]}}],"collection":[{"href":"https:\/\/cbxonline.com.br\/index.php\/wp-json\/wp\/v2\/posts"}],"about":[{"href":"https:\/\/cbxonline.com.br\/index.php\/wp-json\/wp\/v2\/types\/post"}],"author":[{"embeddable":true,"href":"https:\/\/cbxonline.com.br\/index.php\/wp-json\/wp\/v2\/users\/2"}],"replies":[{"embeddable":true,"href":"https:\/\/cbxonline.com.br\/index.php\/wp-json\/wp\/v2\/comments?post=11793"}],"version-history":[{"count":1,"href":"https:\/\/cbxonline.com.br\/index.php\/wp-json\/wp\/v2\/posts\/11793\/revisions"}],"predecessor-version":[{"id":11794,"href":"https:\/\/cbxonline.com.br\/index.php\/wp-json\/wp\/v2\/posts\/11793\/revisions\/11794"}],"wp:featuredmedia":[{"embeddable":true,"href":"https:\/\/cbxonline.com.br\/index.php\/wp-json\/wp\/v2\/media\/11792"}],"wp:attachment":[{"href":"https:\/\/cbxonline.com.br\/index.php\/wp-json\/wp\/v2\/media?parent=11793"}],"wp:term":[{"taxonomy":"category","embeddable":true,"href":"https:\/\/cbxonline.com.br\/index.php\/wp-json\/wp\/v2\/categories?post=11793"},{"taxonomy":"post_tag","embeddable":true,"href":"https:\/\/cbxonline.com.br\/index.php\/wp-json\/wp\/v2\/tags?post=11793"}],"curies":[{"name":"wp","href":"https:\/\/api.w.org\/{rel}","templated":true}]}}