{"id":11750,"date":"2025-01-10T12:17:06","date_gmt":"2025-01-10T15:17:06","guid":{"rendered":"https:\/\/cbxonline.com.br\/?p=11750"},"modified":"2025-01-10T12:17:06","modified_gmt":"2025-01-10T15:17:06","slug":"prefeitura-lanca-novo-regulamento-do-transporte-escolar-em-salvador","status":"publish","type":"post","link":"https:\/\/cbxonline.com.br\/index.php\/2025\/01\/10\/prefeitura-lanca-novo-regulamento-do-transporte-escolar-em-salvador\/","title":{"rendered":"Prefeitura lan\u00e7a novo regulamento do transporte escolar em Salvador"},"content":{"rendered":"\n<p>A Prefeitura de Salvador lan\u00e7ou nesta quinta-feira (9) um novo regulamento do Servi\u00e7o de Transporte Escolar. A atualiza\u00e7\u00e3o visa aprimorar o atendimento aos usu\u00e1rios e trazer mais efici\u00eancia na fiscaliza\u00e7\u00e3o e presta\u00e7\u00e3o da atividade no munic\u00edpio.<\/p>\n\n\n\n<p>A prefeita em exerc\u00edcio, Ana Paula Matos, e o secret\u00e1rio de Mobilidade (Semob), Fabrizzio Muller, assinaram o decreto que atualiza as regras para o segmento, durante solenidade no Pal\u00e1cio Thom\u00e9 de Souza, no Centro.<\/p>\n\n\n\n<p>Entre as principais novidades est\u00e1 a desburocratiza\u00e7\u00e3o para ingresso e renova\u00e7\u00e3o de autorizat\u00e1rios, a fim de reduzir a clandestinidade e aumentar a oferta segura do servi\u00e7o para os pais e respons\u00e1veis de alunos que usufruem do servi\u00e7o. O decreto foi elaborado em conjunto com o Sindicato dos Permission\u00e1rios do Transporte Escolar.<\/p>\n\n\n\n<p>\u201cEstamos fazendo hoje uma constru\u00e7\u00e3o hist\u00f3rica, mostrando que quanto melhor for regulamentada a categoria, mais seguran\u00e7a haver\u00e1 para aqueles que utilizam o transporte escolar assim como tamb\u00e9m para os profissionais. \u00c9 uma medida que d\u00e1 muito mais tranquilidade para as os pais e respons\u00e1veis, ao saberem que seus filhos estar\u00e3o bem cuidados em um transporte regulamentado\u201d, afirmou Ana Paula Matos.<\/p>\n\n\n\n<p>Avan\u00e7os<\/p>\n\n\n\n<p>O \u00faltimo regulamento do transporte escolar da capital baiana foi de 2018, e o atual decreto trouxe menos burocracia para os motoristas que desejam ter a permiss\u00e3o para realizar a atividade, com elimina\u00e7\u00e3o da exig\u00eancia de algumas certid\u00f5es. Atualmente, cerca de 390 profissionais autorizados realizam o servi\u00e7o em Salvador, mas a expectativa \u00e9 que o n\u00famero cres\u00e7a com as novas regras em vigor.<\/p>\n\n\n\n<p>De acordo com a Semob, n\u00e3o h\u00e1 limita\u00e7\u00e3o de vagas para inser\u00e7\u00e3o de novos autorizat\u00e1rios que desejam prestar o servi\u00e7o de transporte escolar na capital baiana. Os profissionais que tiverem interesse em obter a licen\u00e7a podem procurar a sede da Coordena\u00e7\u00e3o de Transportes Especiais (Cotae), nos Barris.&nbsp;<\/p>\n\n\n\n<p>Os motoristas credenciados seguir\u00e3o passando por vistorias veiculares no local a cada dois anos, al\u00e9m de passar por cursos de reciclagem de forma rotineira.<\/p>\n\n\n\n<p>Fonte: Varela Net<\/p>\n","protected":false},"excerpt":{"rendered":"<p>A Prefeitura de Salvador lan\u00e7ou nesta quinta-feira (9) um novo regulamento do Servi\u00e7o de Transporte Escolar. A atualiza\u00e7\u00e3o visa aprimorar o atendimento aos usu\u00e1rios e trazer mais efici\u00eancia na fiscaliza\u00e7\u00e3o e presta\u00e7\u00e3o da atividade no munic\u00edpio. A prefeita em exerc\u00edcio, Ana Paula Matos, e o secret\u00e1rio de Mobilidade (Semob), Fabrizzio Muller, assinaram o decreto que [&hellip;]<\/p>\n","protected":false},"author":2,"featured_media":11749,"comment_status":"closed","ping_status":"open","sticky":false,"template":"","format":"standard","meta":{"jnews-multi-image_gallery":[],"jnews_single_post":[],"jnews_primary_category":[],"footnotes":""},"categories":[85,91],"tags":[],"class_list":["post-11750","post","type-post","status-publish","format-standard","has-post-thumbnail","hentry","category-noticias","category-politica"],"_links":{"self":[{"href":"https:\/\/cbxonline.com.br\/index.php\/wp-json\/wp\/v2\/posts\/11750","targetHints":{"allow":["GET"]}}],"collection":[{"href":"https:\/\/cbxonline.com.br\/index.php\/wp-json\/wp\/v2\/posts"}],"about":[{"href":"https:\/\/cbxonline.com.br\/index.php\/wp-json\/wp\/v2\/types\/post"}],"author":[{"embeddable":true,"href":"https:\/\/cbxonline.com.br\/index.php\/wp-json\/wp\/v2\/users\/2"}],"replies":[{"embeddable":true,"href":"https:\/\/cbxonline.com.br\/index.php\/wp-json\/wp\/v2\/comments?post=11750"}],"version-history":[{"count":1,"href":"https:\/\/cbxonline.com.br\/index.php\/wp-json\/wp\/v2\/posts\/11750\/revisions"}],"predecessor-version":[{"id":11751,"href":"https:\/\/cbxonline.com.br\/index.php\/wp-json\/wp\/v2\/posts\/11750\/revisions\/11751"}],"wp:featuredmedia":[{"embeddable":true,"href":"https:\/\/cbxonline.com.br\/index.php\/wp-json\/wp\/v2\/media\/11749"}],"wp:attachment":[{"href":"https:\/\/cbxonline.com.br\/index.php\/wp-json\/wp\/v2\/media?parent=11750"}],"wp:term":[{"taxonomy":"category","embeddable":true,"href":"https:\/\/cbxonline.com.br\/index.php\/wp-json\/wp\/v2\/categories?post=11750"},{"taxonomy":"post_tag","embeddable":true,"href":"https:\/\/cbxonline.com.br\/index.php\/wp-json\/wp\/v2\/tags?post=11750"}],"curies":[{"name":"wp","href":"https:\/\/api.w.org\/{rel}","templated":true}]}}