{"id":11703,"date":"2025-01-02T14:46:43","date_gmt":"2025-01-02T17:46:43","guid":{"rendered":"https:\/\/cbxonline.com.br\/?p=11703"},"modified":"2025-01-02T14:46:43","modified_gmt":"2025-01-02T17:46:43","slug":"pablo-fara-apresentacao-gratuita-e-gravacao-de-dvd-em-salvador","status":"publish","type":"post","link":"https:\/\/cbxonline.com.br\/index.php\/2025\/01\/02\/pablo-fara-apresentacao-gratuita-e-gravacao-de-dvd-em-salvador\/","title":{"rendered":"Pablo far\u00e1 apresenta\u00e7\u00e3o gratuita e grava\u00e7\u00e3o de DVD em Salvador"},"content":{"rendered":"\n<p>O cantor Pablo, ir\u00e1 gravar um DVD em um show aberto ao p\u00fablico, que ser\u00e1 realizado na pr\u00f3xima sexta-feira (3), \u00e0s 18h, na Arena O Canto da Cidade, localizada no bairro da Boca do Rio, em Salvador.<\/p>\n\n\n\n<p>Com o t\u00edtulo de &#8220;Bodega do Pablo&#8221;, o projeto audiovisual marca o in\u00edcio da nova turn\u00ea do artista, programada para percorrer diversas cidades brasileiras ao longo de 2025. O setlist do evento incluir\u00e1 grandes sucessos da carreira de Pablo, como \u201cBem debaixo do seu nariz\u201d, \u201cDona de mim\u201d, \u201cVoa livre\u201d, \u201cCaminhos do sol\u201d e \u201cIntriga da oposi\u00e7\u00e3o\u201d.<\/p>\n\n\n\n<p>O espet\u00e1culo promete ser ainda mais especial com as participa\u00e7\u00f5es de artistas convidados, como a banda Asas Livres e os cantores Nenho, Silfarley, Milsinho Toque Dez e Tayrone.<\/p>\n\n\n\n<p>O palco contar\u00e1 com um cen\u00e1rio inspirado nas tradicionais mercearias do interior, com ch\u00e3o de terra batida, casinhas r\u00fasticas e elementos que remetem \u00e0 simplicidade de pequenos bares de cidades do interior. A proposta \u00e9 oferecer ao p\u00fablico uma experi\u00eancia \u00fanica e imersiva, recriando o ambiente acolhedor e nost\u00e1lgico desses espa\u00e7os t\u00edpicos.<\/p>\n\n\n\n<p>Fonte: Varela Net<\/p>\n","protected":false},"excerpt":{"rendered":"<p>O cantor Pablo, ir\u00e1 gravar um DVD em um show aberto ao p\u00fablico, que ser\u00e1 realizado na pr\u00f3xima sexta-feira (3), \u00e0s 18h, na Arena O Canto da Cidade, localizada no bairro da Boca do Rio, em Salvador. Com o t\u00edtulo de &#8220;Bodega do Pablo&#8221;, o projeto audiovisual marca o in\u00edcio da nova turn\u00ea do artista, [&hellip;]<\/p>\n","protected":false},"author":2,"featured_media":11702,"comment_status":"closed","ping_status":"open","sticky":false,"template":"","format":"standard","meta":{"jnews-multi-image_gallery":[],"jnews_single_post":[],"jnews_primary_category":[],"footnotes":""},"categories":[93],"tags":[],"class_list":["post-11703","post","type-post","status-publish","format-standard","has-post-thumbnail","hentry","category-entretenimento"],"_links":{"self":[{"href":"https:\/\/cbxonline.com.br\/index.php\/wp-json\/wp\/v2\/posts\/11703","targetHints":{"allow":["GET"]}}],"collection":[{"href":"https:\/\/cbxonline.com.br\/index.php\/wp-json\/wp\/v2\/posts"}],"about":[{"href":"https:\/\/cbxonline.com.br\/index.php\/wp-json\/wp\/v2\/types\/post"}],"author":[{"embeddable":true,"href":"https:\/\/cbxonline.com.br\/index.php\/wp-json\/wp\/v2\/users\/2"}],"replies":[{"embeddable":true,"href":"https:\/\/cbxonline.com.br\/index.php\/wp-json\/wp\/v2\/comments?post=11703"}],"version-history":[{"count":1,"href":"https:\/\/cbxonline.com.br\/index.php\/wp-json\/wp\/v2\/posts\/11703\/revisions"}],"predecessor-version":[{"id":11704,"href":"https:\/\/cbxonline.com.br\/index.php\/wp-json\/wp\/v2\/posts\/11703\/revisions\/11704"}],"wp:featuredmedia":[{"embeddable":true,"href":"https:\/\/cbxonline.com.br\/index.php\/wp-json\/wp\/v2\/media\/11702"}],"wp:attachment":[{"href":"https:\/\/cbxonline.com.br\/index.php\/wp-json\/wp\/v2\/media?parent=11703"}],"wp:term":[{"taxonomy":"category","embeddable":true,"href":"https:\/\/cbxonline.com.br\/index.php\/wp-json\/wp\/v2\/categories?post=11703"},{"taxonomy":"post_tag","embeddable":true,"href":"https:\/\/cbxonline.com.br\/index.php\/wp-json\/wp\/v2\/tags?post=11703"}],"curies":[{"name":"wp","href":"https:\/\/api.w.org\/{rel}","templated":true}]}}