{"id":11677,"date":"2024-12-27T12:20:17","date_gmt":"2024-12-27T15:20:17","guid":{"rendered":"https:\/\/cbxonline.com.br\/?p=11677"},"modified":"2024-12-27T12:20:17","modified_gmt":"2024-12-27T15:20:17","slug":"tia-ma-se-pronuncia-apos-ser-associada-com-suspeito-de-agredir-mulher-no-imbui","status":"publish","type":"post","link":"https:\/\/cbxonline.com.br\/index.php\/2024\/12\/27\/tia-ma-se-pronuncia-apos-ser-associada-com-suspeito-de-agredir-mulher-no-imbui\/","title":{"rendered":"Tia M\u00e1 se pronuncia ap\u00f3s ser associada com suspeito de agredir mulher no Imbu\u00ed"},"content":{"rendered":"\n<p>A jornalista baiana Ma\u00edra Azevedo, mais conhecida como Tia M\u00e1, se pronunciou ap\u00f3s ser associada com Uelber Cardoso,&nbsp;suspeito de agredir fisicamente e estrangular a pr\u00f3pria companheira na noite de Natal, na \u00faltima quarta-feira (25). A apresentadora negou qualquer parentesco com o suspeito.<\/p>\n\n\n\n<p>Em um v\u00eddeo que circula nas redes sociais, Tia M\u00e1 explica que conheceu Uelber durante um trabalho na C\u00e2mara Municipal de Salvador.&nbsp;<em>&#8220;Uelber Cardoso n\u00e3o \u00e9 meu irm\u00e3o. A gente trabalhou juntos na C\u00e2mara Municipal de Salvador. \u00c9ramos uns dos \u00fanicos assessores pretos e a\u00ed a gente brincava: &#8216;E a\u00ed, irm\u00e3o&#8217;. Irm\u00e3o de cor. Tem mais ou menos uns cinco anos que n\u00e3o tenho contato com Uelber. N\u00e3o concordo com posturas equivocadas. Se ele cometeu qualquer crime, ele tem que ser punido com o rigor da lei&#8221;<\/em>, explicou Ma\u00edra.<\/p>\n\n\n\n<p>A jornalista acrescentou que, mesmo se houvesse parentesco, seria a favor da Justi\u00e7a.<em>&nbsp;&#8220;Podem ficar em paz. Eu continuo defendendo e eu sou muito correta. Ainda que fosse meu irm\u00e3o, se ele tivesse cometido qualquer erro, eu seria a favor que fosse punido&#8221;<\/em>, disse Tia M\u00e1.<\/p>\n\n\n\n<p>Uelber foi encaminhado \u00e0 delegacia na manh\u00e3 desta quinta-feira (26), onde passou por uma audi\u00eancia de cust\u00f3dia e foi solto.&nbsp;<\/p>\n\n\n\n<p>Fonte: Varela Net<\/p>\n","protected":false},"excerpt":{"rendered":"<p>A jornalista baiana Ma\u00edra Azevedo, mais conhecida como Tia M\u00e1, se pronunciou ap\u00f3s ser associada com Uelber Cardoso,&nbsp;suspeito de agredir fisicamente e estrangular a pr\u00f3pria companheira na noite de Natal, na \u00faltima quarta-feira (25). A apresentadora negou qualquer parentesco com o suspeito. Em um v\u00eddeo que circula nas redes sociais, Tia M\u00e1 explica que conheceu [&hellip;]<\/p>\n","protected":false},"author":2,"featured_media":11676,"comment_status":"closed","ping_status":"open","sticky":false,"template":"","format":"standard","meta":{"jnews-multi-image_gallery":[],"jnews_single_post":[],"jnews_primary_category":[],"footnotes":""},"categories":[85],"tags":[],"class_list":["post-11677","post","type-post","status-publish","format-standard","has-post-thumbnail","hentry","category-noticias"],"_links":{"self":[{"href":"https:\/\/cbxonline.com.br\/index.php\/wp-json\/wp\/v2\/posts\/11677","targetHints":{"allow":["GET"]}}],"collection":[{"href":"https:\/\/cbxonline.com.br\/index.php\/wp-json\/wp\/v2\/posts"}],"about":[{"href":"https:\/\/cbxonline.com.br\/index.php\/wp-json\/wp\/v2\/types\/post"}],"author":[{"embeddable":true,"href":"https:\/\/cbxonline.com.br\/index.php\/wp-json\/wp\/v2\/users\/2"}],"replies":[{"embeddable":true,"href":"https:\/\/cbxonline.com.br\/index.php\/wp-json\/wp\/v2\/comments?post=11677"}],"version-history":[{"count":1,"href":"https:\/\/cbxonline.com.br\/index.php\/wp-json\/wp\/v2\/posts\/11677\/revisions"}],"predecessor-version":[{"id":11678,"href":"https:\/\/cbxonline.com.br\/index.php\/wp-json\/wp\/v2\/posts\/11677\/revisions\/11678"}],"wp:featuredmedia":[{"embeddable":true,"href":"https:\/\/cbxonline.com.br\/index.php\/wp-json\/wp\/v2\/media\/11676"}],"wp:attachment":[{"href":"https:\/\/cbxonline.com.br\/index.php\/wp-json\/wp\/v2\/media?parent=11677"}],"wp:term":[{"taxonomy":"category","embeddable":true,"href":"https:\/\/cbxonline.com.br\/index.php\/wp-json\/wp\/v2\/categories?post=11677"},{"taxonomy":"post_tag","embeddable":true,"href":"https:\/\/cbxonline.com.br\/index.php\/wp-json\/wp\/v2\/tags?post=11677"}],"curies":[{"name":"wp","href":"https:\/\/api.w.org\/{rel}","templated":true}]}}