{"id":11609,"date":"2024-12-18T11:20:20","date_gmt":"2024-12-18T14:20:20","guid":{"rendered":"https:\/\/cbxonline.com.br\/?p=11609"},"modified":"2024-12-18T11:20:22","modified_gmt":"2024-12-18T14:20:22","slug":"nova-linha-do-brt-que-liga-lapa-a-rodoviaria-inicia-operacao-assistida-neste-sabado-21","status":"publish","type":"post","link":"https:\/\/cbxonline.com.br\/index.php\/2024\/12\/18\/nova-linha-do-brt-que-liga-lapa-a-rodoviaria-inicia-operacao-assistida-neste-sabado-21\/","title":{"rendered":"Nova linha do BRT que liga Lapa \u00e0 Rodovi\u00e1ria inicia opera\u00e7\u00e3o assistida neste s\u00e1bado (21)"},"content":{"rendered":"\n<p>A Linha B5 do BRT de Salvador, que tem trajeto entre a Esta\u00e7\u00e3o da Lapa e a Esta\u00e7\u00e3o Rodovi\u00e1ria, inicia opera\u00e7\u00e3o assistida neste s\u00e1bado (21). O novo trajeto, que iniciar\u00e1 a opera\u00e7\u00e3o das 10h \u00e0s 15h, funcion\u00e1ria em formato de testes nos pr\u00f3ximos dias.<\/p>\n\n\n\n<p>De acordo com a Semob, durante a opera\u00e7\u00e3o assistida, os passageiros poder\u00e3o embarcar e desembarcar nas seguintes esta\u00e7\u00f5es:<\/p>\n\n\n\n<p>&#8211; Esta\u00e7\u00e3o BRT Rodovi\u00e1ria<\/p>\n\n\n\n<p>&#8211; Esta\u00e7\u00e3o BRT Hiper<\/p>\n\n\n\n<p>&#8211; Esta\u00e7\u00e3o BRT Cidadela<\/p>\n\n\n\n<p>&#8211; Esta\u00e7\u00e3o BRT Cidade Jardim<\/p>\n\n\n\n<p>&#8211; Esta\u00e7\u00e3o BRT Pedrinhas<\/p>\n\n\n\n<p>&#8211; Esta\u00e7\u00e3o BRT Rio Vermelho<\/p>\n\n\n\n<p>&#8211; Esta\u00e7\u00e3o BRT HGE<\/p>\n\n\n\n<p>&#8211; Esta\u00e7\u00e3o BRT Ogunj\u00e1<\/p>\n\n\n\n<p>&#8211; Esta\u00e7\u00e3o BRT Vasco da Gama<\/p>\n\n\n\n<p>&#8211; Esta\u00e7\u00e3o BRT Barris<\/p>\n\n\n\n<p>&#8211; Esta\u00e7\u00e3o BRT Lapa<\/p>\n\n\n\n<p>Al\u00e9m do in\u00edcio da linha B5, o secret\u00e1rio de Mobilidade, Fabrizzio Muller, anunciou a chegada de novas linhas do BRT Salvador no pr\u00f3ximo ano, para ampliar a cobertura do sistema. \u201cNo ano que vem, daremos in\u00edcio \u00e0 extens\u00e3o da linha B2, que ter\u00e1 seu atendimento ampliado at\u00e9 a regi\u00e3o de Amaralina no primeiro trimestre de 2025, garantindo ainda mais conforto e rapidez para quem se desloca por essa \u00e1rea t\u00e3o movimentada da cidade. Al\u00e9m disso, teremos opera\u00e7\u00e3o da linha B6, que conectar\u00e1 a Esta\u00e7\u00e3o Lapa ao Aeroporto.\u201d, explicou o secret\u00e1rio.&nbsp;<\/p>\n\n\n\n<p>Fonte: Varela Net <\/p>\n","protected":false},"excerpt":{"rendered":"<p>A Linha B5 do BRT de Salvador, que tem trajeto entre a Esta\u00e7\u00e3o da Lapa e a Esta\u00e7\u00e3o Rodovi\u00e1ria, inicia opera\u00e7\u00e3o assistida neste s\u00e1bado (21). O novo trajeto, que iniciar\u00e1 a opera\u00e7\u00e3o das 10h \u00e0s 15h, funcion\u00e1ria em formato de testes nos pr\u00f3ximos dias. De acordo com a Semob, durante a opera\u00e7\u00e3o assistida, os passageiros [&hellip;]<\/p>\n","protected":false},"author":2,"featured_media":11610,"comment_status":"open","ping_status":"open","sticky":false,"template":"","format":"standard","meta":{"jnews-multi-image_gallery":[],"jnews_single_post":{"subtitle":"","format":"standard","video":"","gallery":"","source_name":"","source_url":"","via_name":"","via_url":"","override_template":"0","override":[{"template":"1","single_blog_custom":"","parallax":"1","fullscreen":"1","layout":"right-sidebar","sidebar":"default-sidebar","second_sidebar":"default-sidebar","sticky_sidebar":"1","share_position":"top","share_float_style":"share-monocrhome","show_share_counter":"0","show_view_counter":"0","show_featured":"1","show_post_meta":"1","show_post_author":"0","show_post_author_image":"1","show_post_date":"1","post_date_format":"default","post_date_format_custom":"Y\/m\/d","show_post_category":"1","show_post_reading_time":"0","post_reading_time_wpm":"300","show_zoom_button":"0","zoom_button_out_step":"2","zoom_button_in_step":"3","show_post_tag":"1","show_prev_next_post":"1","show_popup_post":"1","number_popup_post":"1","show_author_box":"0","show_post_related":"0","show_inline_post_related":"0"}],"override_image_size":"0","image_override":[{"single_post_thumbnail_size":"no-crop","single_post_gallery_size":"crop-715"}],"trending_post":"0","trending_post_position":"meta","trending_post_label":"Trending","sponsored_post":"0","sponsored_post_label":"Sponsored by","sponsored_post_name":"","sponsored_post_url":"","sponsored_post_logo_enable":"0","sponsored_post_logo":"","sponsored_post_desc":"","disable_ad":"0"},"jnews_primary_category":{"id":"","hide":""},"footnotes":""},"categories":[85],"tags":[],"class_list":["post-11609","post","type-post","status-publish","format-standard","has-post-thumbnail","hentry","category-noticias"],"_links":{"self":[{"href":"https:\/\/cbxonline.com.br\/index.php\/wp-json\/wp\/v2\/posts\/11609","targetHints":{"allow":["GET"]}}],"collection":[{"href":"https:\/\/cbxonline.com.br\/index.php\/wp-json\/wp\/v2\/posts"}],"about":[{"href":"https:\/\/cbxonline.com.br\/index.php\/wp-json\/wp\/v2\/types\/post"}],"author":[{"embeddable":true,"href":"https:\/\/cbxonline.com.br\/index.php\/wp-json\/wp\/v2\/users\/2"}],"replies":[{"embeddable":true,"href":"https:\/\/cbxonline.com.br\/index.php\/wp-json\/wp\/v2\/comments?post=11609"}],"version-history":[{"count":1,"href":"https:\/\/cbxonline.com.br\/index.php\/wp-json\/wp\/v2\/posts\/11609\/revisions"}],"predecessor-version":[{"id":11611,"href":"https:\/\/cbxonline.com.br\/index.php\/wp-json\/wp\/v2\/posts\/11609\/revisions\/11611"}],"wp:featuredmedia":[{"embeddable":true,"href":"https:\/\/cbxonline.com.br\/index.php\/wp-json\/wp\/v2\/media\/11610"}],"wp:attachment":[{"href":"https:\/\/cbxonline.com.br\/index.php\/wp-json\/wp\/v2\/media?parent=11609"}],"wp:term":[{"taxonomy":"category","embeddable":true,"href":"https:\/\/cbxonline.com.br\/index.php\/wp-json\/wp\/v2\/categories?post=11609"},{"taxonomy":"post_tag","embeddable":true,"href":"https:\/\/cbxonline.com.br\/index.php\/wp-json\/wp\/v2\/tags?post=11609"}],"curies":[{"name":"wp","href":"https:\/\/api.w.org\/{rel}","templated":true}]}}