{"id":11571,"date":"2024-12-13T10:39:39","date_gmt":"2024-12-13T13:39:39","guid":{"rendered":"https:\/\/cbxonline.com.br\/?p=11571"},"modified":"2024-12-13T10:39:39","modified_gmt":"2024-12-13T13:39:39","slug":"meio-campista-do-bahia-se-despede-do-tricolor-apos-fim-da-temporada","status":"publish","type":"post","link":"https:\/\/cbxonline.com.br\/index.php\/2024\/12\/13\/meio-campista-do-bahia-se-despede-do-tricolor-apos-fim-da-temporada\/","title":{"rendered":"Meio campista do Bahia se despede do Tricolor ap\u00f3s fim da temporada"},"content":{"rendered":"\n<p>Carlos de Pena, meio-campista uruguaio de 32 anos que esteve no Bahia durante a \u00faltima temporada, anunciou sua sa\u00edda do Tricolor durante a tarde desta quinta-feira (12) atrav\u00e9s de suas redes sociais. O jogador se despediu do clube ap\u00f3s o fim do seu contrato, que expiraria no final de dezembro e j\u00e1 era certo que n\u00e3o haveria a renova\u00e7\u00e3o do Esquadr\u00e3o com o atleta que chegou nesta temporada.<\/p>\n\n\n\n<p>Em sua mensagem, De Pena agradeceu aos funcion\u00e1rios, companheiros e \u00e0 torcida do Bahia, destacando a satisfa\u00e7\u00e3o por ter conquistado o objetivo da temporada. &#8220;Hora de me despedir do Bahia. Quero agradecer a tudo mundo no clube, a cada funcion\u00e1rio e especialmente a meus companheiros que fizeram meu dia a dia mas f\u00e1cil. Obrigado de cora\u00e7\u00e3o tamb\u00e9m para esa torcida maravilhosa que me apoio em tudo momento! Fico feliz porque o objetivo foi conquistado. Desejo sempre o melhor para o clube no futuro e sou muito grato de ter jogado neste clube gigante. Agora, \u00e9 hora de um novo desafio! Bora Bahea sempre! Com carinho, Carlos&#8221;, escreveu o meia.<\/p>\n\n\n\n<p>Com 42 partidas e 2 gols marcados pelo Esquadr\u00e3o, al\u00e9m de 4 assist\u00eancias (3 delas no Campeonato Brasileiro), o uruguaio n\u00e3o teve seu contrato renovado e seguir\u00e1 em busca de novos rumos na carreira.<\/p>\n\n\n\n<p>Fonte: Varela Net<\/p>\n","protected":false},"excerpt":{"rendered":"<p>Carlos de Pena, meio-campista uruguaio de 32 anos que esteve no Bahia durante a \u00faltima temporada, anunciou sua sa\u00edda do Tricolor durante a tarde desta quinta-feira (12) atrav\u00e9s de suas redes sociais. O jogador se despediu do clube ap\u00f3s o fim do seu contrato, que expiraria no final de dezembro e j\u00e1 era certo que [&hellip;]<\/p>\n","protected":false},"author":2,"featured_media":11570,"comment_status":"closed","ping_status":"open","sticky":false,"template":"","format":"standard","meta":{"jnews-multi-image_gallery":[],"jnews_single_post":[],"jnews_primary_category":[],"footnotes":""},"categories":[89],"tags":[],"class_list":["post-11571","post","type-post","status-publish","format-standard","has-post-thumbnail","hentry","category-esportes"],"_links":{"self":[{"href":"https:\/\/cbxonline.com.br\/index.php\/wp-json\/wp\/v2\/posts\/11571","targetHints":{"allow":["GET"]}}],"collection":[{"href":"https:\/\/cbxonline.com.br\/index.php\/wp-json\/wp\/v2\/posts"}],"about":[{"href":"https:\/\/cbxonline.com.br\/index.php\/wp-json\/wp\/v2\/types\/post"}],"author":[{"embeddable":true,"href":"https:\/\/cbxonline.com.br\/index.php\/wp-json\/wp\/v2\/users\/2"}],"replies":[{"embeddable":true,"href":"https:\/\/cbxonline.com.br\/index.php\/wp-json\/wp\/v2\/comments?post=11571"}],"version-history":[{"count":1,"href":"https:\/\/cbxonline.com.br\/index.php\/wp-json\/wp\/v2\/posts\/11571\/revisions"}],"predecessor-version":[{"id":11572,"href":"https:\/\/cbxonline.com.br\/index.php\/wp-json\/wp\/v2\/posts\/11571\/revisions\/11572"}],"wp:featuredmedia":[{"embeddable":true,"href":"https:\/\/cbxonline.com.br\/index.php\/wp-json\/wp\/v2\/media\/11570"}],"wp:attachment":[{"href":"https:\/\/cbxonline.com.br\/index.php\/wp-json\/wp\/v2\/media?parent=11571"}],"wp:term":[{"taxonomy":"category","embeddable":true,"href":"https:\/\/cbxonline.com.br\/index.php\/wp-json\/wp\/v2\/categories?post=11571"},{"taxonomy":"post_tag","embeddable":true,"href":"https:\/\/cbxonline.com.br\/index.php\/wp-json\/wp\/v2\/tags?post=11571"}],"curies":[{"name":"wp","href":"https:\/\/api.w.org\/{rel}","templated":true}]}}