{"id":11331,"date":"2024-11-22T11:28:26","date_gmt":"2024-11-22T14:28:26","guid":{"rendered":"https:\/\/cbxonline.com.br\/?p=11331"},"modified":"2024-11-22T11:28:28","modified_gmt":"2024-11-22T14:28:28","slug":"4o-brasileiro-foragido-pelo-8-de-janeiro-e-preso-na-argentina","status":"publish","type":"post","link":"https:\/\/cbxonline.com.br\/index.php\/2024\/11\/22\/4o-brasileiro-foragido-pelo-8-de-janeiro-e-preso-na-argentina\/","title":{"rendered":"4\u00ba brasileiro foragido pelo 8 de janeiro \u00e9 preso na Argentina"},"content":{"rendered":"\n<p>A pol\u00edcia da Argentina prendeu, na \u00faltima ter\u00e7a-feira (19), o quarto brasileiro foragido condenado por participa\u00e7\u00e3o nos atos antidemocr\u00e1ticos de 8 de janeiro de 2023. Identificado como Joel Borges Correa (48), o homem fugia de carro a caminho da Cordilheira dos Andes, localizada no Chile.<\/p>\n\n\n\n<p>De acordo com informa\u00e7\u00f5es, o homem foi preso ap\u00f3s passar por uma blitz de tr\u00e2nsito, onde foi identificado por policiais e detido. Correa, que foi condenado a 13 anos e seis meses de pris\u00e3o, est\u00e1 \u00e0 disposi\u00e7\u00e3o da justi\u00e7a da Argentina para ser extraditado para o Brasil.&nbsp;<\/p>\n\n\n\n<p>Al\u00e9m dele, mais 60 brasileiros condenados por participa\u00e7\u00e3o nos atos antidemocr\u00e1ticos est\u00e3o foragidos na Argentina. A justi\u00e7a do pa\u00eds decretou a pris\u00e3o de todos os condenados na \u00faltima sexta-feira (15). Outros tr\u00eas brasileiros foram presos na Argentina, Joelton Gusm\u00e3o de Oliveira e Wellington Luiz Firmino, condenados a 17 anos, e Rodrigo de Freitas Moro Ramalho, condenado a 14 anos.<\/p>\n\n\n\n<p>Fonte: Varela Net <\/p>\n","protected":false},"excerpt":{"rendered":"<p>A pol\u00edcia da Argentina prendeu, na \u00faltima ter\u00e7a-feira (19), o quarto brasileiro foragido condenado por participa\u00e7\u00e3o nos atos antidemocr\u00e1ticos de 8 de janeiro de 2023. Identificado como Joel Borges Correa (48), o homem fugia de carro a caminho da Cordilheira dos Andes, localizada no Chile. De acordo com informa\u00e7\u00f5es, o homem foi preso ap\u00f3s passar [&hellip;]<\/p>\n","protected":false},"author":2,"featured_media":11332,"comment_status":"open","ping_status":"open","sticky":false,"template":"","format":"standard","meta":{"jnews-multi-image_gallery":[],"jnews_single_post":{"subtitle":"","format":"standard","video":"","gallery":"","source_name":"","source_url":"","via_name":"","via_url":"","override_template":"0","override":[{"template":"1","single_blog_custom":"","parallax":"1","fullscreen":"1","layout":"right-sidebar","sidebar":"default-sidebar","second_sidebar":"default-sidebar","sticky_sidebar":"1","share_position":"top","share_float_style":"share-monocrhome","show_share_counter":"0","show_view_counter":"0","show_featured":"1","show_post_meta":"1","show_post_author":"0","show_post_author_image":"1","show_post_date":"1","post_date_format":"default","post_date_format_custom":"Y\/m\/d","show_post_category":"1","show_post_reading_time":"0","post_reading_time_wpm":"300","show_zoom_button":"0","zoom_button_out_step":"2","zoom_button_in_step":"3","show_post_tag":"1","show_prev_next_post":"1","show_popup_post":"1","number_popup_post":"1","show_author_box":"0","show_post_related":"0","show_inline_post_related":"0"}],"override_image_size":"0","image_override":[{"single_post_thumbnail_size":"no-crop","single_post_gallery_size":"crop-715"}],"trending_post":"0","trending_post_position":"meta","trending_post_label":"Trending","sponsored_post":"0","sponsored_post_label":"Sponsored by","sponsored_post_name":"","sponsored_post_url":"","sponsored_post_logo_enable":"0","sponsored_post_logo":"","sponsored_post_desc":"","disable_ad":"0"},"jnews_primary_category":{"id":"","hide":""},"footnotes":""},"categories":[105],"tags":[],"class_list":["post-11331","post","type-post","status-publish","format-standard","has-post-thumbnail","hentry","category-policia"],"_links":{"self":[{"href":"https:\/\/cbxonline.com.br\/index.php\/wp-json\/wp\/v2\/posts\/11331","targetHints":{"allow":["GET"]}}],"collection":[{"href":"https:\/\/cbxonline.com.br\/index.php\/wp-json\/wp\/v2\/posts"}],"about":[{"href":"https:\/\/cbxonline.com.br\/index.php\/wp-json\/wp\/v2\/types\/post"}],"author":[{"embeddable":true,"href":"https:\/\/cbxonline.com.br\/index.php\/wp-json\/wp\/v2\/users\/2"}],"replies":[{"embeddable":true,"href":"https:\/\/cbxonline.com.br\/index.php\/wp-json\/wp\/v2\/comments?post=11331"}],"version-history":[{"count":1,"href":"https:\/\/cbxonline.com.br\/index.php\/wp-json\/wp\/v2\/posts\/11331\/revisions"}],"predecessor-version":[{"id":11333,"href":"https:\/\/cbxonline.com.br\/index.php\/wp-json\/wp\/v2\/posts\/11331\/revisions\/11333"}],"wp:featuredmedia":[{"embeddable":true,"href":"https:\/\/cbxonline.com.br\/index.php\/wp-json\/wp\/v2\/media\/11332"}],"wp:attachment":[{"href":"https:\/\/cbxonline.com.br\/index.php\/wp-json\/wp\/v2\/media?parent=11331"}],"wp:term":[{"taxonomy":"category","embeddable":true,"href":"https:\/\/cbxonline.com.br\/index.php\/wp-json\/wp\/v2\/categories?post=11331"},{"taxonomy":"post_tag","embeddable":true,"href":"https:\/\/cbxonline.com.br\/index.php\/wp-json\/wp\/v2\/tags?post=11331"}],"curies":[{"name":"wp","href":"https:\/\/api.w.org\/{rel}","templated":true}]}}