{"id":11305,"date":"2024-11-21T11:08:45","date_gmt":"2024-11-21T14:08:45","guid":{"rendered":"https:\/\/cbxonline.com.br\/?p=11305"},"modified":"2024-11-21T11:08:47","modified_gmt":"2024-11-21T14:08:47","slug":"jeronimo-participara-de-encontro-em-brasilia-com-presidente-da-china","status":"publish","type":"post","link":"https:\/\/cbxonline.com.br\/index.php\/2024\/11\/21\/jeronimo-participara-de-encontro-em-brasilia-com-presidente-da-china\/","title":{"rendered":"Jer\u00f4nimo participar\u00e1 de encontro em Bras\u00edlia com presidente da China"},"content":{"rendered":"\n<p>O governador Jer\u00f4nimo Rodrigues (PT) chegou em Bras\u00edlia na manh\u00e3 desta quarta-feira (20). O governador foi um dos convidados para o encontro entre o presidente Luiz In\u00e1cio Lula da Silva (PT), com o mandat\u00e1rio da China Xi Jinping, nesta noite.<\/p>\n\n\n\n<p>\u00c9 esperado que o governador dialogue com as autoridades presentes sobre a ponte Salvador-Itaparica.&nbsp;<em>\u201cSolicitamos se o presidente Lula tem interesse em tratar tanto a ponte quanto a BYD s\u00e3o dois projetos grandiosos relacionados com a China. A PGE [Procuradoria Geral do Estado da Bahia] tem tratado e responsabilizado as negocia\u00e7\u00f5es e a media\u00e7\u00e3o. N\u00e3o seria para assinar o in\u00edcio da ponte, mas sim um ato de interesse passivo entre a China e o Brasil<\/em>\u201d, disse Jer\u00f4nimo em coletiva de imprensa na \u00faltima ter\u00e7a (19).<\/p>\n\n\n\n<p>O mandat\u00e1rio da China, Xi Jinping, foi recebido na manh\u00e3 desta quarta por Lula, em Bras\u00edlia, para uma reuni\u00e3o bilateral focada no fortalecimento da rela\u00e7\u00e3o econ\u00f4mica e comercial entre os pa\u00edses.<\/p>\n\n\n\n<p>Fonte: Varela Net <\/p>\n","protected":false},"excerpt":{"rendered":"<p>O governador Jer\u00f4nimo Rodrigues (PT) chegou em Bras\u00edlia na manh\u00e3 desta quarta-feira (20). O governador foi um dos convidados para o encontro entre o presidente Luiz In\u00e1cio Lula da Silva (PT), com o mandat\u00e1rio da China Xi Jinping, nesta noite. \u00c9 esperado que o governador dialogue com as autoridades presentes sobre a ponte Salvador-Itaparica.&nbsp;\u201cSolicitamos se [&hellip;]<\/p>\n","protected":false},"author":2,"featured_media":11306,"comment_status":"open","ping_status":"open","sticky":false,"template":"","format":"standard","meta":{"jnews-multi-image_gallery":[],"jnews_single_post":{"subtitle":"","format":"standard","video":"","gallery":"","source_name":"","source_url":"","via_name":"","via_url":"","override_template":"0","override":[{"template":"1","single_blog_custom":"","parallax":"1","fullscreen":"1","layout":"right-sidebar","sidebar":"default-sidebar","second_sidebar":"default-sidebar","sticky_sidebar":"1","share_position":"top","share_float_style":"share-monocrhome","show_share_counter":"0","show_view_counter":"0","show_featured":"1","show_post_meta":"1","show_post_author":"0","show_post_author_image":"1","show_post_date":"1","post_date_format":"default","post_date_format_custom":"Y\/m\/d","show_post_category":"1","show_post_reading_time":"0","post_reading_time_wpm":"300","show_zoom_button":"0","zoom_button_out_step":"2","zoom_button_in_step":"3","show_post_tag":"1","show_prev_next_post":"1","show_popup_post":"1","number_popup_post":"1","show_author_box":"0","show_post_related":"0","show_inline_post_related":"0"}],"override_image_size":"0","image_override":[{"single_post_thumbnail_size":"no-crop","single_post_gallery_size":"crop-715"}],"trending_post":"0","trending_post_position":"meta","trending_post_label":"Trending","sponsored_post":"0","sponsored_post_label":"Sponsored by","sponsored_post_name":"","sponsored_post_url":"","sponsored_post_logo_enable":"0","sponsored_post_logo":"","sponsored_post_desc":"","disable_ad":"0"},"jnews_primary_category":{"id":"","hide":""},"footnotes":""},"categories":[91],"tags":[],"class_list":["post-11305","post","type-post","status-publish","format-standard","has-post-thumbnail","hentry","category-politica"],"_links":{"self":[{"href":"https:\/\/cbxonline.com.br\/index.php\/wp-json\/wp\/v2\/posts\/11305","targetHints":{"allow":["GET"]}}],"collection":[{"href":"https:\/\/cbxonline.com.br\/index.php\/wp-json\/wp\/v2\/posts"}],"about":[{"href":"https:\/\/cbxonline.com.br\/index.php\/wp-json\/wp\/v2\/types\/post"}],"author":[{"embeddable":true,"href":"https:\/\/cbxonline.com.br\/index.php\/wp-json\/wp\/v2\/users\/2"}],"replies":[{"embeddable":true,"href":"https:\/\/cbxonline.com.br\/index.php\/wp-json\/wp\/v2\/comments?post=11305"}],"version-history":[{"count":1,"href":"https:\/\/cbxonline.com.br\/index.php\/wp-json\/wp\/v2\/posts\/11305\/revisions"}],"predecessor-version":[{"id":11307,"href":"https:\/\/cbxonline.com.br\/index.php\/wp-json\/wp\/v2\/posts\/11305\/revisions\/11307"}],"wp:featuredmedia":[{"embeddable":true,"href":"https:\/\/cbxonline.com.br\/index.php\/wp-json\/wp\/v2\/media\/11306"}],"wp:attachment":[{"href":"https:\/\/cbxonline.com.br\/index.php\/wp-json\/wp\/v2\/media?parent=11305"}],"wp:term":[{"taxonomy":"category","embeddable":true,"href":"https:\/\/cbxonline.com.br\/index.php\/wp-json\/wp\/v2\/categories?post=11305"},{"taxonomy":"post_tag","embeddable":true,"href":"https:\/\/cbxonline.com.br\/index.php\/wp-json\/wp\/v2\/tags?post=11305"}],"curies":[{"name":"wp","href":"https:\/\/api.w.org\/{rel}","templated":true}]}}