{"id":11170,"date":"2024-10-31T10:46:09","date_gmt":"2024-10-31T13:46:09","guid":{"rendered":"https:\/\/cbxonline.com.br\/?p=11170"},"modified":"2024-10-31T10:46:10","modified_gmt":"2024-10-31T13:46:10","slug":"onibus-param-de-circular-no-nordeste-de-amaralina-apos-operacao","status":"publish","type":"post","link":"https:\/\/cbxonline.com.br\/index.php\/2024\/10\/31\/onibus-param-de-circular-no-nordeste-de-amaralina-apos-operacao\/","title":{"rendered":"\u00d4nibus param de circular no Nordeste de Amaralina ap\u00f3s opera\u00e7\u00e3o"},"content":{"rendered":"\n<p>Os moradores do Complexo do Nordeste de Amaralina est\u00e3o sem acesso ao transporte p\u00fablico, que foi interrompido em fun\u00e7\u00e3o da Opera\u00e7\u00e3o Rota Segura, iniciada na manh\u00e3 desta quinta-feira, (31).<\/p>\n\n\n\n<p>A Secretaria Municipal de Mobilidade comunicou, por meio de uma nota, que, devido \u00e0s paralisa\u00e7\u00f5es, os itiner\u00e1rios dos \u00f4nibus foram alterados. Em Vale das Pedrinhas, os coletivos passam a operar somente at\u00e9 a entrada da localidade, perto da Esta\u00e7\u00e3o BRT Vale das Pedrinhas.<\/p>\n\n\n\n<p>Em Santa Cruz, os \u00f4nibus v\u00e3o at\u00e9 a Avenida ACM, na altura do Parque da Cidade. Por sua vez, em Nordeste de Amaralina, a circula\u00e7\u00e3o foi redirecionada para a Avenida Manoel Dias da Silva, nas proximidades da entrada do bairro.<\/p>\n\n\n\n<p>Essa opera\u00e7\u00e3o foi lan\u00e7ada com o intuito de desmantelar uma fac\u00e7\u00e3o criminosa envolvida com a forma\u00e7\u00e3o de bondes, tr\u00e1fico de drogas e armas, ataques a viaturas, explora\u00e7\u00e3o de menores, roubos, lavagem de dinheiro, entre outros delitos.<\/p>\n\n\n\n<p>Fonte: Varela Net <\/p>\n","protected":false},"excerpt":{"rendered":"<p>Os moradores do Complexo do Nordeste de Amaralina est\u00e3o sem acesso ao transporte p\u00fablico, que foi interrompido em fun\u00e7\u00e3o da Opera\u00e7\u00e3o Rota Segura, iniciada na manh\u00e3 desta quinta-feira, (31). A Secretaria Municipal de Mobilidade comunicou, por meio de uma nota, que, devido \u00e0s paralisa\u00e7\u00f5es, os itiner\u00e1rios dos \u00f4nibus foram alterados. Em Vale das Pedrinhas, os [&hellip;]<\/p>\n","protected":false},"author":2,"featured_media":11171,"comment_status":"open","ping_status":"open","sticky":false,"template":"","format":"standard","meta":{"jnews-multi-image_gallery":[],"jnews_single_post":{"subtitle":"","format":"standard","video":"","gallery":"","source_name":"","source_url":"","via_name":"","via_url":"","override_template":"0","override":[{"template":"1","single_blog_custom":"","parallax":"1","fullscreen":"1","layout":"right-sidebar","sidebar":"default-sidebar","second_sidebar":"default-sidebar","sticky_sidebar":"1","share_position":"top","share_float_style":"share-monocrhome","show_share_counter":"0","show_view_counter":"0","show_featured":"1","show_post_meta":"1","show_post_author":"0","show_post_author_image":"1","show_post_date":"1","post_date_format":"default","post_date_format_custom":"Y\/m\/d","show_post_category":"1","show_post_reading_time":"0","post_reading_time_wpm":"300","show_zoom_button":"0","zoom_button_out_step":"2","zoom_button_in_step":"3","show_post_tag":"1","show_prev_next_post":"1","show_popup_post":"1","number_popup_post":"1","show_author_box":"0","show_post_related":"0","show_inline_post_related":"0"}],"override_image_size":"0","image_override":[{"single_post_thumbnail_size":"no-crop","single_post_gallery_size":"crop-715"}],"trending_post":"0","trending_post_position":"meta","trending_post_label":"Trending","sponsored_post":"0","sponsored_post_label":"Sponsored by","sponsored_post_name":"","sponsored_post_url":"","sponsored_post_logo_enable":"0","sponsored_post_logo":"","sponsored_post_desc":"","disable_ad":"0"},"jnews_primary_category":{"id":"","hide":""},"footnotes":""},"categories":[105],"tags":[],"class_list":["post-11170","post","type-post","status-publish","format-standard","has-post-thumbnail","hentry","category-policia"],"_links":{"self":[{"href":"https:\/\/cbxonline.com.br\/index.php\/wp-json\/wp\/v2\/posts\/11170","targetHints":{"allow":["GET"]}}],"collection":[{"href":"https:\/\/cbxonline.com.br\/index.php\/wp-json\/wp\/v2\/posts"}],"about":[{"href":"https:\/\/cbxonline.com.br\/index.php\/wp-json\/wp\/v2\/types\/post"}],"author":[{"embeddable":true,"href":"https:\/\/cbxonline.com.br\/index.php\/wp-json\/wp\/v2\/users\/2"}],"replies":[{"embeddable":true,"href":"https:\/\/cbxonline.com.br\/index.php\/wp-json\/wp\/v2\/comments?post=11170"}],"version-history":[{"count":1,"href":"https:\/\/cbxonline.com.br\/index.php\/wp-json\/wp\/v2\/posts\/11170\/revisions"}],"predecessor-version":[{"id":11172,"href":"https:\/\/cbxonline.com.br\/index.php\/wp-json\/wp\/v2\/posts\/11170\/revisions\/11172"}],"wp:featuredmedia":[{"embeddable":true,"href":"https:\/\/cbxonline.com.br\/index.php\/wp-json\/wp\/v2\/media\/11171"}],"wp:attachment":[{"href":"https:\/\/cbxonline.com.br\/index.php\/wp-json\/wp\/v2\/media?parent=11170"}],"wp:term":[{"taxonomy":"category","embeddable":true,"href":"https:\/\/cbxonline.com.br\/index.php\/wp-json\/wp\/v2\/categories?post=11170"},{"taxonomy":"post_tag","embeddable":true,"href":"https:\/\/cbxonline.com.br\/index.php\/wp-json\/wp\/v2\/tags?post=11170"}],"curies":[{"name":"wp","href":"https:\/\/api.w.org\/{rel}","templated":true}]}}