{"id":11129,"date":"2024-10-24T10:23:31","date_gmt":"2024-10-24T13:23:31","guid":{"rendered":"https:\/\/cbxonline.com.br\/?p=11129"},"modified":"2024-10-24T10:23:33","modified_gmt":"2024-10-24T13:23:33","slug":"obras-de-requalificacao-do-elevador-lacerda-terminam-em-dezembro","status":"publish","type":"post","link":"https:\/\/cbxonline.com.br\/index.php\/2024\/10\/24\/obras-de-requalificacao-do-elevador-lacerda-terminam-em-dezembro\/","title":{"rendered":"Obras de requalifica\u00e7\u00e3o do Elevador Lacerda terminam em dezembro"},"content":{"rendered":"\n<p>O Elevador Lacerda j\u00e1 tem 80% do seu espa\u00e7o requalificado e a previs\u00e3o \u00e9 que a obra seja conclu\u00edda e entregue em dezembro deste ano. A restaura\u00e7\u00e3o do espa\u00e7o hist\u00f3rico da capital baiana est\u00e1 sendo conduzida pela Superintend\u00eancia de Obras P\u00fablicas (Sucop), vinculada \u00e0 Secretaria Municipal de Infraestrutura (Seinfra), e pela Secretaria Municipal de Mobilidade (Semob).<\/p>\n\n\n\n<p>A Semob informou que j\u00e1 foram substitu\u00eddas as cabines 1 e 2 do elevador por novas com ar condicionado, nova iluminada e motor de resgate, necess\u00e1rio em caso de problemas no motor principal. O pr\u00f3ximo passo \u00e9 trocar as cabines 3 e 4.&nbsp;<\/p>\n\n\n\n<p>A Sucop conduz todas as outras interven\u00e7\u00f5es estruturais e j\u00e1 realizou a remo\u00e7\u00e3o dos antigos revestimentos, o assentamento de novos revestimentos nas paredes, instala\u00e7\u00f5es de novas esquadrias, renova\u00e7\u00e3o das instala\u00e7\u00f5es el\u00e9tricas e hidr\u00e1ulicas, etc.&nbsp;<\/p>\n\n\n\n<p>Fonte: Varela Net <\/p>\n","protected":false},"excerpt":{"rendered":"<p>O Elevador Lacerda j\u00e1 tem 80% do seu espa\u00e7o requalificado e a previs\u00e3o \u00e9 que a obra seja conclu\u00edda e entregue em dezembro deste ano. A restaura\u00e7\u00e3o do espa\u00e7o hist\u00f3rico da capital baiana est\u00e1 sendo conduzida pela Superintend\u00eancia de Obras P\u00fablicas (Sucop), vinculada \u00e0 Secretaria Municipal de Infraestrutura (Seinfra), e pela Secretaria Municipal de Mobilidade [&hellip;]<\/p>\n","protected":false},"author":2,"featured_media":11130,"comment_status":"open","ping_status":"open","sticky":false,"template":"","format":"standard","meta":{"jnews-multi-image_gallery":[],"jnews_single_post":{"subtitle":"","format":"standard","video":"","gallery":"","source_name":"","source_url":"","via_name":"","via_url":"","override_template":"0","override":[{"template":"1","single_blog_custom":"","parallax":"1","fullscreen":"1","layout":"right-sidebar","sidebar":"default-sidebar","second_sidebar":"default-sidebar","sticky_sidebar":"1","share_position":"top","share_float_style":"share-monocrhome","show_share_counter":"0","show_view_counter":"0","show_featured":"1","show_post_meta":"1","show_post_author":"0","show_post_author_image":"1","show_post_date":"1","post_date_format":"default","post_date_format_custom":"Y\/m\/d","show_post_category":"1","show_post_reading_time":"0","post_reading_time_wpm":"300","show_zoom_button":"0","zoom_button_out_step":"2","zoom_button_in_step":"3","show_post_tag":"1","show_prev_next_post":"1","show_popup_post":"1","number_popup_post":"1","show_author_box":"0","show_post_related":"0","show_inline_post_related":"0"}],"override_image_size":"0","image_override":[{"single_post_thumbnail_size":"no-crop","single_post_gallery_size":"crop-715"}],"trending_post":"0","trending_post_position":"meta","trending_post_label":"Trending","sponsored_post":"0","sponsored_post_label":"Sponsored by","sponsored_post_name":"","sponsored_post_url":"","sponsored_post_logo_enable":"0","sponsored_post_logo":"","sponsored_post_desc":"","disable_ad":"0"},"jnews_primary_category":{"id":"","hide":""},"footnotes":""},"categories":[85],"tags":[],"class_list":["post-11129","post","type-post","status-publish","format-standard","has-post-thumbnail","hentry","category-noticias"],"_links":{"self":[{"href":"https:\/\/cbxonline.com.br\/index.php\/wp-json\/wp\/v2\/posts\/11129","targetHints":{"allow":["GET"]}}],"collection":[{"href":"https:\/\/cbxonline.com.br\/index.php\/wp-json\/wp\/v2\/posts"}],"about":[{"href":"https:\/\/cbxonline.com.br\/index.php\/wp-json\/wp\/v2\/types\/post"}],"author":[{"embeddable":true,"href":"https:\/\/cbxonline.com.br\/index.php\/wp-json\/wp\/v2\/users\/2"}],"replies":[{"embeddable":true,"href":"https:\/\/cbxonline.com.br\/index.php\/wp-json\/wp\/v2\/comments?post=11129"}],"version-history":[{"count":1,"href":"https:\/\/cbxonline.com.br\/index.php\/wp-json\/wp\/v2\/posts\/11129\/revisions"}],"predecessor-version":[{"id":11131,"href":"https:\/\/cbxonline.com.br\/index.php\/wp-json\/wp\/v2\/posts\/11129\/revisions\/11131"}],"wp:featuredmedia":[{"embeddable":true,"href":"https:\/\/cbxonline.com.br\/index.php\/wp-json\/wp\/v2\/media\/11130"}],"wp:attachment":[{"href":"https:\/\/cbxonline.com.br\/index.php\/wp-json\/wp\/v2\/media?parent=11129"}],"wp:term":[{"taxonomy":"category","embeddable":true,"href":"https:\/\/cbxonline.com.br\/index.php\/wp-json\/wp\/v2\/categories?post=11129"},{"taxonomy":"post_tag","embeddable":true,"href":"https:\/\/cbxonline.com.br\/index.php\/wp-json\/wp\/v2\/tags?post=11129"}],"curies":[{"name":"wp","href":"https:\/\/api.w.org\/{rel}","templated":true}]}}