{"id":11105,"date":"2024-10-22T16:06:22","date_gmt":"2024-10-22T19:06:22","guid":{"rendered":"https:\/\/cbxonline.com.br\/?p=11105"},"modified":"2024-10-22T16:06:23","modified_gmt":"2024-10-22T19:06:23","slug":"na-luta-pela-liberta-cauly-destaca-resultado-do-nosso-trabalho","status":"publish","type":"post","link":"https:\/\/cbxonline.com.br\/index.php\/2024\/10\/22\/na-luta-pela-liberta-cauly-destaca-resultado-do-nosso-trabalho\/","title":{"rendered":"Na luta pela Liberta, Cauly destaca: &#8220;Resultado do nosso trabalho&#8221;"},"content":{"rendered":"\n<p>Nesta ter\u00e7a-feira, 22, o meia\u00a0Cauly\u00a0participou de uma coletiva de imprensa no\u00a0CT Evaristo de Macedo, onde comentou sobre o estilo de jogo do\u00a0Bahia\u00a0nesta temporada e a import\u00e2ncia desse esquema para o desempenho do time no\u00a0Campeonato Brasileiro. De acordo com o camisa 8, a abordagem ofensiva adotada pelo Tricolor \u00e9 fundamental para que a equipe permane\u00e7a competitiva na parte de cima da tabela.<\/p>\n\n\n\n<p>&#8220;\u00c9 o resultado do nosso trabalho, que \u00e9 um estilo de jogo bem ofensivo. Gostamos muito de manter a posse; temos jogadores com essas caracter\u00edsticas, com passes decisivos, e eu fico sempre feliz quando posso ajudar com assist\u00eancias&#8221;, afirmou o meia ao ser questionado sobre sua contribui\u00e7\u00e3o para o n\u00famero de assist\u00eancias da equipe na competi\u00e7\u00e3o.<\/p>\n\n\n\n<p>Cauly ressaltou ainda a import\u00e2ncia do trabalho em equipe, destacando que o coletivo deve ser a prioridade: &#8220;Estou sempre disposto a ajudar o grupo. N\u00e3o vejo o sistema como um problema, vejo o coletivo como o mais importante. Se estamos brigando pela Libertadores, \u00e9 pelo coletivo&#8221;. <\/p>\n\n\n\n<p>O pr\u00f3ximo desafio do Bahia no Campeonato Brasileiro ser\u00e1 contra o Vasco, em mais uma partida fora de casa, no dia 28, \u00e0s 21h. Em rela\u00e7\u00e3o ao desempenho da equipe como visitante, Cauly reconheceu que esse \u00e9 um aspecto a ser aprimorado.<\/p>\n\n\n\n<p>&#8220;Com certeza isso \u00e9 um ponto que a gente tenta melhorar, esses jogos fora de casa. Mas agora que o calend\u00e1rio est\u00e1 mais espa\u00e7oso, a gente vai poder encarar esses jogos mais descansados. Acho que isso pesa muito, essas viagens longas; pode ser um dos fatores para n\u00e3o conseguirmos pontuar fora. E claro, em casa, com nossa torcida, faz a diferen\u00e7a. Agora, os jogos v\u00e3o ser mais espa\u00e7ados, e vamos focar bastante nisso. Estamos cientes de que podemos melhorar fora de casa&#8221;, pontuou o craque tricolor.<\/p>\n\n\n\n<p>Fonte: A Tarde<\/p>\n","protected":false},"excerpt":{"rendered":"<p>Nesta ter\u00e7a-feira, 22, o meia\u00a0Cauly\u00a0participou de uma coletiva de imprensa no\u00a0CT Evaristo de Macedo, onde comentou sobre o estilo de jogo do\u00a0Bahia\u00a0nesta temporada e a import\u00e2ncia desse esquema para o desempenho do time no\u00a0Campeonato Brasileiro. De acordo com o camisa 8, a abordagem ofensiva adotada pelo Tricolor \u00e9 fundamental para que a equipe permane\u00e7a competitiva [&hellip;]<\/p>\n","protected":false},"author":2,"featured_media":11106,"comment_status":"open","ping_status":"open","sticky":false,"template":"","format":"standard","meta":{"jnews-multi-image_gallery":[],"jnews_single_post":{"subtitle":"","format":"standard","video":"","gallery":"","source_name":"","source_url":"","via_name":"","via_url":"","override_template":"0","override":[{"template":"1","single_blog_custom":"","parallax":"1","fullscreen":"1","layout":"right-sidebar","sidebar":"default-sidebar","second_sidebar":"default-sidebar","sticky_sidebar":"1","share_position":"top","share_float_style":"share-monocrhome","show_share_counter":"0","show_view_counter":"0","show_featured":"1","show_post_meta":"1","show_post_author":"0","show_post_author_image":"1","show_post_date":"1","post_date_format":"default","post_date_format_custom":"Y\/m\/d","show_post_category":"1","show_post_reading_time":"0","post_reading_time_wpm":"300","show_zoom_button":"0","zoom_button_out_step":"2","zoom_button_in_step":"3","show_post_tag":"1","show_prev_next_post":"1","show_popup_post":"1","number_popup_post":"1","show_author_box":"0","show_post_related":"0","show_inline_post_related":"0"}],"override_image_size":"0","image_override":[{"single_post_thumbnail_size":"no-crop","single_post_gallery_size":"crop-715"}],"trending_post":"0","trending_post_position":"meta","trending_post_label":"Trending","sponsored_post":"0","sponsored_post_label":"Sponsored by","sponsored_post_name":"","sponsored_post_url":"","sponsored_post_logo_enable":"0","sponsored_post_logo":"","sponsored_post_desc":"","disable_ad":"0"},"jnews_primary_category":{"id":"","hide":""},"footnotes":""},"categories":[89],"tags":[],"class_list":["post-11105","post","type-post","status-publish","format-standard","has-post-thumbnail","hentry","category-esportes"],"_links":{"self":[{"href":"https:\/\/cbxonline.com.br\/index.php\/wp-json\/wp\/v2\/posts\/11105","targetHints":{"allow":["GET"]}}],"collection":[{"href":"https:\/\/cbxonline.com.br\/index.php\/wp-json\/wp\/v2\/posts"}],"about":[{"href":"https:\/\/cbxonline.com.br\/index.php\/wp-json\/wp\/v2\/types\/post"}],"author":[{"embeddable":true,"href":"https:\/\/cbxonline.com.br\/index.php\/wp-json\/wp\/v2\/users\/2"}],"replies":[{"embeddable":true,"href":"https:\/\/cbxonline.com.br\/index.php\/wp-json\/wp\/v2\/comments?post=11105"}],"version-history":[{"count":1,"href":"https:\/\/cbxonline.com.br\/index.php\/wp-json\/wp\/v2\/posts\/11105\/revisions"}],"predecessor-version":[{"id":11107,"href":"https:\/\/cbxonline.com.br\/index.php\/wp-json\/wp\/v2\/posts\/11105\/revisions\/11107"}],"wp:featuredmedia":[{"embeddable":true,"href":"https:\/\/cbxonline.com.br\/index.php\/wp-json\/wp\/v2\/media\/11106"}],"wp:attachment":[{"href":"https:\/\/cbxonline.com.br\/index.php\/wp-json\/wp\/v2\/media?parent=11105"}],"wp:term":[{"taxonomy":"category","embeddable":true,"href":"https:\/\/cbxonline.com.br\/index.php\/wp-json\/wp\/v2\/categories?post=11105"},{"taxonomy":"post_tag","embeddable":true,"href":"https:\/\/cbxonline.com.br\/index.php\/wp-json\/wp\/v2\/tags?post=11105"}],"curies":[{"name":"wp","href":"https:\/\/api.w.org\/{rel}","templated":true}]}}