{"id":10776,"date":"2024-08-27T11:05:14","date_gmt":"2024-08-27T14:05:14","guid":{"rendered":"https:\/\/cbxonline.com.br\/?p=10776"},"modified":"2024-08-27T11:05:15","modified_gmt":"2024-08-27T14:05:15","slug":"jogador-uruguaio-juan-izquierdo-segue-internado","status":"publish","type":"post","link":"https:\/\/cbxonline.com.br\/index.php\/2024\/08\/27\/jogador-uruguaio-juan-izquierdo-segue-internado\/","title":{"rendered":"Jogador uruguaio Juan Izquierdo segue internado"},"content":{"rendered":"\n<p>O zagueiro Juan Izquierdo, do Nacional do Uruguai, est\u00e1 com o estado de sa\u00fade considerado praticamente irrevers\u00edvel, conforme divulgado pela c\u00f4nsul uruguaia Marta Echarte. A informa\u00e7\u00e3o foi confirmada ap\u00f3s sua visita ao jogador no Hospital Israelita Albert Einstein na \u00faltima segunda-feira (26).<\/p>\n\n\n\n<p>Izquierdo encontra-se na UTI desde quinta-feira (22) quando sofreu um mal-estar durante a partida contra o S\u00e3o Paulo, pela Libertadores. A situa\u00e7\u00e3o do atleta \u00e9 preocupante, com complica\u00e7\u00f5es graves ap\u00f3s o quadro inicial de arritmia card\u00edaca, que evoluiu para comprometimento cerebral.<\/p>\n\n\n\n<p>Em entrevista \u00e0 r\u00e1dio Sport 890, Marta Echarte detalhou: \u201cEstivemos com o presidente do Nacional, Alejandro Balbi, e com a fam\u00edlia de Juan Izquierdo. A condi\u00e7\u00e3o \u00e9 extremamente delicada e quase irrevers\u00edvel. Estamos monitorando as pr\u00f3ximas 48 horas para avaliar a evolu\u00e7\u00e3o do quadro. O dano cerebral \u00e9 o principal motivo de preocupa\u00e7\u00e3o no momento. Inicialmente, o problema parecia ser uma arritmia card\u00edaca, mas houve progress\u00e3o para um comprometimento cerebral, conforme o relat\u00f3rio m\u00e9dico. Atualmente, ele est\u00e1 recebendo suporte respirat\u00f3rio.\u201d<\/p>\n\n\n\n<p>O boletim m\u00e9dico confirma que Izquierdo est\u00e1 em estado neurol\u00f3gico cr\u00edtico e continua a depender de ventila\u00e7\u00e3o mec\u00e2nica. A avalia\u00e7\u00e3o dos exames realizados no domingo revelou uma \u201cprogress\u00e3o do comprometimento cerebral\u201d e aumento da press\u00e3o intracraniana.<\/p>\n\n\n\n<p>Na quinta-feira, Izquierdo sofreu uma arritmia card\u00edaca seguida de parada card\u00edaca. Durante a partida no Morumbi, ele desmaiou no gramado e foi rapidamente atendido por equipes m\u00e9dicas dos dois times antes de ser transportado de ambul\u00e2ncia para o hospital. O jogador chegou ao hospital em parada card\u00edaca e foi necess\u00e1rio realizar manobras de ressuscita\u00e7\u00e3o e utilizar um desfibrilador.<\/p>\n\n\n\n<p>Fonte: Varela Net <\/p>\n","protected":false},"excerpt":{"rendered":"<p>O zagueiro Juan Izquierdo, do Nacional do Uruguai, est\u00e1 com o estado de sa\u00fade considerado praticamente irrevers\u00edvel, conforme divulgado pela c\u00f4nsul uruguaia Marta Echarte. A informa\u00e7\u00e3o foi confirmada ap\u00f3s sua visita ao jogador no Hospital Israelita Albert Einstein na \u00faltima segunda-feira (26). Izquierdo encontra-se na UTI desde quinta-feira (22) quando sofreu um mal-estar durante a [&hellip;]<\/p>\n","protected":false},"author":2,"featured_media":10777,"comment_status":"open","ping_status":"open","sticky":false,"template":"","format":"standard","meta":{"jnews-multi-image_gallery":[],"jnews_single_post":{"subtitle":"","format":"standard","video":"","gallery":"","source_name":"","source_url":"","via_name":"","via_url":"","override_template":"0","override":[{"template":"1","single_blog_custom":"","parallax":"1","fullscreen":"1","layout":"right-sidebar","sidebar":"default-sidebar","second_sidebar":"default-sidebar","sticky_sidebar":"1","share_position":"top","share_float_style":"share-monocrhome","show_share_counter":"0","show_view_counter":"0","show_featured":"1","show_post_meta":"1","show_post_author":"0","show_post_author_image":"1","show_post_date":"1","post_date_format":"default","post_date_format_custom":"Y\/m\/d","show_post_category":"1","show_post_reading_time":"0","post_reading_time_wpm":"300","show_zoom_button":"0","zoom_button_out_step":"2","zoom_button_in_step":"3","show_post_tag":"1","show_prev_next_post":"1","show_popup_post":"1","number_popup_post":"1","show_author_box":"0","show_post_related":"0","show_inline_post_related":"0"}],"override_image_size":"0","image_override":[{"single_post_thumbnail_size":"no-crop","single_post_gallery_size":"crop-715"}],"trending_post":"0","trending_post_position":"meta","trending_post_label":"Trending","sponsored_post":"0","sponsored_post_label":"Sponsored by","sponsored_post_name":"","sponsored_post_url":"","sponsored_post_logo_enable":"0","sponsored_post_logo":"","sponsored_post_desc":"","disable_ad":"0"},"jnews_primary_category":{"id":"","hide":""},"footnotes":""},"categories":[89],"tags":[],"class_list":["post-10776","post","type-post","status-publish","format-standard","has-post-thumbnail","hentry","category-esportes"],"_links":{"self":[{"href":"https:\/\/cbxonline.com.br\/index.php\/wp-json\/wp\/v2\/posts\/10776","targetHints":{"allow":["GET"]}}],"collection":[{"href":"https:\/\/cbxonline.com.br\/index.php\/wp-json\/wp\/v2\/posts"}],"about":[{"href":"https:\/\/cbxonline.com.br\/index.php\/wp-json\/wp\/v2\/types\/post"}],"author":[{"embeddable":true,"href":"https:\/\/cbxonline.com.br\/index.php\/wp-json\/wp\/v2\/users\/2"}],"replies":[{"embeddable":true,"href":"https:\/\/cbxonline.com.br\/index.php\/wp-json\/wp\/v2\/comments?post=10776"}],"version-history":[{"count":1,"href":"https:\/\/cbxonline.com.br\/index.php\/wp-json\/wp\/v2\/posts\/10776\/revisions"}],"predecessor-version":[{"id":10778,"href":"https:\/\/cbxonline.com.br\/index.php\/wp-json\/wp\/v2\/posts\/10776\/revisions\/10778"}],"wp:featuredmedia":[{"embeddable":true,"href":"https:\/\/cbxonline.com.br\/index.php\/wp-json\/wp\/v2\/media\/10777"}],"wp:attachment":[{"href":"https:\/\/cbxonline.com.br\/index.php\/wp-json\/wp\/v2\/media?parent=10776"}],"wp:term":[{"taxonomy":"category","embeddable":true,"href":"https:\/\/cbxonline.com.br\/index.php\/wp-json\/wp\/v2\/categories?post=10776"},{"taxonomy":"post_tag","embeddable":true,"href":"https:\/\/cbxonline.com.br\/index.php\/wp-json\/wp\/v2\/tags?post=10776"}],"curies":[{"name":"wp","href":"https:\/\/api.w.org\/{rel}","templated":true}]}}