{"id":10731,"date":"2024-08-22T10:33:05","date_gmt":"2024-08-22T13:33:05","guid":{"rendered":"https:\/\/cbxonline.com.br\/?p=10731"},"modified":"2024-08-22T10:33:07","modified_gmt":"2024-08-22T13:33:07","slug":"6o-academia-salvador-e-inaugurada-no-chame-chame","status":"publish","type":"post","link":"https:\/\/cbxonline.com.br\/index.php\/2024\/08\/22\/6o-academia-salvador-e-inaugurada-no-chame-chame\/","title":{"rendered":"6\u00ba Academia Salvador \u00e9 inaugurada no Chame-Chame"},"content":{"rendered":"\n<p>A prefeitura de Salvador, atrav\u00e9s da Secretaria de Promo\u00e7\u00e3o Social, Combate \u00e0 Pobreza, Esportes e Lazer (Sempre), inaugurou nesta quinta-feira (22) uma nova academia a ar livre na Avenida Centen\u00e1rio, no Chame-Chame.<\/p>\n\n\n\n<p>Salvador passa a ter um total de seis academias que contabilizam, em menos de dois meses, mais de 21 mil atendimentos e mais de 27 mil agendamentos. O servi\u00e7o, que \u00e9 gratuito, oferece pr\u00e1tica de atividade f\u00edsica em equipamentos de muscula\u00e7\u00e3o e aulas coletivas com orienta\u00e7\u00e3o. No local, profissionais atuam a fim de garantir orienta\u00e7\u00e3o aos usu\u00e1rios.<\/p>\n\n\n\n<p>Os interessados em participar devem acessar o aplicativo MUDE e cada aluno tem direito a duas aulas por dia em modalidades diferentes.&nbsp;<\/p>\n\n\n\n<p><em>&#8220;Este projeto da gest\u00e3o municipal visa democratizar o esporte, promovendo n\u00e3o s\u00f3 a pr\u00e1tica de atividade f\u00edsica, mas tamb\u00e9m a sa\u00fade e inclus\u00e3o social. A meta \u00e9 ter esses espa\u00e7os em todas as \u00e1reas da cidade. Em apenas dois meses, foram inauguradas academias no Dique do Toror\u00f3, Cajazeiras, Man\u00e9 Dend\u00ea, Imbu\u00ed, Itapu\u00e3 e agora no Chame-Chame. E n\u00e3o vamos parar: at\u00e9 o final do ano, ser\u00e3o 20 unidades no total. \u00c9 gratificante ver que muitos beneficiados nunca tiveram acesso a uma academia e agora t\u00eam essa oportunidade&#8221;,&nbsp;<\/em>relatou J\u00fanior Magalh\u00e3es, titular da Sempre.&nbsp;<\/p>\n\n\n\n<p>Fonte: Varela Net <\/p>\n","protected":false},"excerpt":{"rendered":"<p>A prefeitura de Salvador, atrav\u00e9s da Secretaria de Promo\u00e7\u00e3o Social, Combate \u00e0 Pobreza, Esportes e Lazer (Sempre), inaugurou nesta quinta-feira (22) uma nova academia a ar livre na Avenida Centen\u00e1rio, no Chame-Chame. Salvador passa a ter um total de seis academias que contabilizam, em menos de dois meses, mais de 21 mil atendimentos e mais [&hellip;]<\/p>\n","protected":false},"author":2,"featured_media":10732,"comment_status":"open","ping_status":"open","sticky":false,"template":"","format":"standard","meta":{"jnews-multi-image_gallery":[],"jnews_single_post":{"subtitle":"","format":"standard","video":"","gallery":"","source_name":"","source_url":"","via_name":"","via_url":"","override_template":"0","override":[{"template":"1","single_blog_custom":"","parallax":"1","fullscreen":"1","layout":"right-sidebar","sidebar":"default-sidebar","second_sidebar":"default-sidebar","sticky_sidebar":"1","share_position":"top","share_float_style":"share-monocrhome","show_share_counter":"0","show_view_counter":"0","show_featured":"1","show_post_meta":"1","show_post_author":"0","show_post_author_image":"1","show_post_date":"1","post_date_format":"default","post_date_format_custom":"Y\/m\/d","show_post_category":"1","show_post_reading_time":"0","post_reading_time_wpm":"300","show_zoom_button":"0","zoom_button_out_step":"2","zoom_button_in_step":"3","show_post_tag":"1","show_prev_next_post":"1","show_popup_post":"1","number_popup_post":"1","show_author_box":"0","show_post_related":"0","show_inline_post_related":"0"}],"override_image_size":"0","image_override":[{"single_post_thumbnail_size":"no-crop","single_post_gallery_size":"crop-715"}],"trending_post":"0","trending_post_position":"meta","trending_post_label":"Trending","sponsored_post":"0","sponsored_post_label":"Sponsored by","sponsored_post_name":"","sponsored_post_url":"","sponsored_post_logo_enable":"0","sponsored_post_logo":"","sponsored_post_desc":"","disable_ad":"0"},"jnews_primary_category":{"id":"","hide":""},"footnotes":""},"categories":[85],"tags":[],"class_list":["post-10731","post","type-post","status-publish","format-standard","has-post-thumbnail","hentry","category-noticias"],"_links":{"self":[{"href":"https:\/\/cbxonline.com.br\/index.php\/wp-json\/wp\/v2\/posts\/10731","targetHints":{"allow":["GET"]}}],"collection":[{"href":"https:\/\/cbxonline.com.br\/index.php\/wp-json\/wp\/v2\/posts"}],"about":[{"href":"https:\/\/cbxonline.com.br\/index.php\/wp-json\/wp\/v2\/types\/post"}],"author":[{"embeddable":true,"href":"https:\/\/cbxonline.com.br\/index.php\/wp-json\/wp\/v2\/users\/2"}],"replies":[{"embeddable":true,"href":"https:\/\/cbxonline.com.br\/index.php\/wp-json\/wp\/v2\/comments?post=10731"}],"version-history":[{"count":1,"href":"https:\/\/cbxonline.com.br\/index.php\/wp-json\/wp\/v2\/posts\/10731\/revisions"}],"predecessor-version":[{"id":10733,"href":"https:\/\/cbxonline.com.br\/index.php\/wp-json\/wp\/v2\/posts\/10731\/revisions\/10733"}],"wp:featuredmedia":[{"embeddable":true,"href":"https:\/\/cbxonline.com.br\/index.php\/wp-json\/wp\/v2\/media\/10732"}],"wp:attachment":[{"href":"https:\/\/cbxonline.com.br\/index.php\/wp-json\/wp\/v2\/media?parent=10731"}],"wp:term":[{"taxonomy":"category","embeddable":true,"href":"https:\/\/cbxonline.com.br\/index.php\/wp-json\/wp\/v2\/categories?post=10731"},{"taxonomy":"post_tag","embeddable":true,"href":"https:\/\/cbxonline.com.br\/index.php\/wp-json\/wp\/v2\/tags?post=10731"}],"curies":[{"name":"wp","href":"https:\/\/api.w.org\/{rel}","templated":true}]}}