{"id":10488,"date":"2024-07-26T11:16:56","date_gmt":"2024-07-26T14:16:56","guid":{"rendered":"https:\/\/cbxonline.com.br\/?p=10488"},"modified":"2024-07-26T11:16:58","modified_gmt":"2024-07-26T14:16:58","slug":"bruno-reis-oficializa-candidatura-a-reeleicao","status":"publish","type":"post","link":"https:\/\/cbxonline.com.br\/index.php\/2024\/07\/26\/bruno-reis-oficializa-candidatura-a-reeleicao\/","title":{"rendered":"Bruno Reis oficializa candidatura \u00e0 reelei\u00e7\u00e3o"},"content":{"rendered":"\n<p>Nesta quinta-feira (25), o prefeito Bruno Reis (Uni\u00e3o Brasil) oficializou sua candidatura \u00e0 reelei\u00e7\u00e3o em uma conven\u00e7\u00e3o realizada no Centro de Conven\u00e7\u00f5es de Salvador. Ao lado da vice-prefeita Ana Paula Matos (PDT), Reis apresentou sua chapa composta por aproximadamente 600 pr\u00e9-candidatos a vereador, com o apoio de uma coliga\u00e7\u00e3o que re\u00fane 13 partidos. O evento foi marcado por um ambiente festivo, com bandeiras, adesivos e m\u00fasica celebrando a candidatura.<\/p>\n\n\n\n<p>Durante a conven\u00e7\u00e3o, Reis destacou a import\u00e2ncia de sua experi\u00eancia e a parceria com Ana Paula Matos, mencionando a trajet\u00f3ria dela na administra\u00e7\u00e3o municipal desde 2013. Ele tamb\u00e9m abordou um dos principais pontos de cr\u00edtica, o transporte p\u00fablico, prometendo priorizar melhorias no setor e aprendendo com os desafios enfrentados. &#8220;<em>Aprendi com as dificuldades e priorizei o transporte p\u00fablico para evitar problemas que outras cidades enfrentam<\/em>&#8220;, afirmou.<\/p>\n\n\n\n<figure class=\"wp-block-image\"><img decoding=\"async\" src=\"https:\/\/api.varelanet.com.br\/fotos\/varela_noticias\/55337\/mg\/Snapinsta.app_452753913_1237635957585969_5483056793981975649_n_1024.jpg\" alt=\"\"\/><\/figure>\n\n\n\n<p>O evento contou com a presen\u00e7a de figuras pol\u00edticas de destaque, como o ex-prefeito ACM Neto e o deputado federal Paulo Azi, refor\u00e7ando o apoio \u00e0 candidatura de Reis. O prefeito ressaltou seu compromisso com projetos futuros e sua determina\u00e7\u00e3o em continuar o trabalho iniciado. &#8220;<em>Colocamos nosso nome \u00e0 disposi\u00e7\u00e3o porque a cidade n\u00e3o pode recuar. Temos muitos projetos grandiosos que queremos concretizar<\/em>&#8220;, concluiu.<\/p>\n\n\n\n<p>Fonte: Varela Net <\/p>\n","protected":false},"excerpt":{"rendered":"<p>Nesta quinta-feira (25), o prefeito Bruno Reis (Uni\u00e3o Brasil) oficializou sua candidatura \u00e0 reelei\u00e7\u00e3o em uma conven\u00e7\u00e3o realizada no Centro de Conven\u00e7\u00f5es de Salvador. Ao lado da vice-prefeita Ana Paula Matos (PDT), Reis apresentou sua chapa composta por aproximadamente 600 pr\u00e9-candidatos a vereador, com o apoio de uma coliga\u00e7\u00e3o que re\u00fane 13 partidos. O evento [&hellip;]<\/p>\n","protected":false},"author":2,"featured_media":10489,"comment_status":"open","ping_status":"open","sticky":false,"template":"","format":"standard","meta":{"jnews-multi-image_gallery":[],"jnews_single_post":{"subtitle":"","format":"standard","video":"","gallery":"","source_name":"","source_url":"","via_name":"","via_url":"","override_template":"0","override":[{"template":"1","single_blog_custom":"","parallax":"1","fullscreen":"1","layout":"right-sidebar","sidebar":"default-sidebar","second_sidebar":"default-sidebar","sticky_sidebar":"1","share_position":"top","share_float_style":"share-monocrhome","show_share_counter":"0","show_view_counter":"0","show_featured":"1","show_post_meta":"1","show_post_author":"0","show_post_author_image":"1","show_post_date":"1","post_date_format":"default","post_date_format_custom":"Y\/m\/d","show_post_category":"1","show_post_reading_time":"0","post_reading_time_wpm":"300","show_zoom_button":"0","zoom_button_out_step":"2","zoom_button_in_step":"3","show_post_tag":"1","show_prev_next_post":"1","show_popup_post":"1","number_popup_post":"1","show_author_box":"0","show_post_related":"0","show_inline_post_related":"0"}],"override_image_size":"0","image_override":[{"single_post_thumbnail_size":"no-crop","single_post_gallery_size":"crop-715"}],"trending_post":"0","trending_post_position":"meta","trending_post_label":"Trending","sponsored_post":"0","sponsored_post_label":"Sponsored by","sponsored_post_name":"","sponsored_post_url":"","sponsored_post_logo_enable":"0","sponsored_post_logo":"","sponsored_post_desc":"","disable_ad":"0"},"jnews_primary_category":{"id":"","hide":""},"footnotes":""},"categories":[91],"tags":[],"class_list":["post-10488","post","type-post","status-publish","format-standard","has-post-thumbnail","hentry","category-politica"],"_links":{"self":[{"href":"https:\/\/cbxonline.com.br\/index.php\/wp-json\/wp\/v2\/posts\/10488","targetHints":{"allow":["GET"]}}],"collection":[{"href":"https:\/\/cbxonline.com.br\/index.php\/wp-json\/wp\/v2\/posts"}],"about":[{"href":"https:\/\/cbxonline.com.br\/index.php\/wp-json\/wp\/v2\/types\/post"}],"author":[{"embeddable":true,"href":"https:\/\/cbxonline.com.br\/index.php\/wp-json\/wp\/v2\/users\/2"}],"replies":[{"embeddable":true,"href":"https:\/\/cbxonline.com.br\/index.php\/wp-json\/wp\/v2\/comments?post=10488"}],"version-history":[{"count":1,"href":"https:\/\/cbxonline.com.br\/index.php\/wp-json\/wp\/v2\/posts\/10488\/revisions"}],"predecessor-version":[{"id":10490,"href":"https:\/\/cbxonline.com.br\/index.php\/wp-json\/wp\/v2\/posts\/10488\/revisions\/10490"}],"wp:featuredmedia":[{"embeddable":true,"href":"https:\/\/cbxonline.com.br\/index.php\/wp-json\/wp\/v2\/media\/10489"}],"wp:attachment":[{"href":"https:\/\/cbxonline.com.br\/index.php\/wp-json\/wp\/v2\/media?parent=10488"}],"wp:term":[{"taxonomy":"category","embeddable":true,"href":"https:\/\/cbxonline.com.br\/index.php\/wp-json\/wp\/v2\/categories?post=10488"},{"taxonomy":"post_tag","embeddable":true,"href":"https:\/\/cbxonline.com.br\/index.php\/wp-json\/wp\/v2\/tags?post=10488"}],"curies":[{"name":"wp","href":"https:\/\/api.w.org\/{rel}","templated":true}]}}