{"id":10206,"date":"2024-07-05T10:49:02","date_gmt":"2024-07-05T13:49:02","guid":{"rendered":"https:\/\/cbxonline.com.br\/?p=10206"},"modified":"2024-07-05T10:49:03","modified_gmt":"2024-07-05T13:49:03","slug":"lula-entrega-280-novas-ambulancias-para-a-frota-do-samu","status":"publish","type":"post","link":"https:\/\/cbxonline.com.br\/index.php\/2024\/07\/05\/lula-entrega-280-novas-ambulancias-para-a-frota-do-samu\/","title":{"rendered":"Lula entrega 280 novas ambul\u00e2ncias para a frota do Samu"},"content":{"rendered":"\n<p>Nesta quinta-feira (4), o presidente Luiz In\u00e1cio Lula da Silva realizou a entrega de 280 novas ambul\u00e2ncias destinadas ao Servi\u00e7o de Atendimento M\u00f3vel de Urg\u00eancia 192 (SAMU), um servi\u00e7o essencial de assist\u00eancia gratuita em casos de urg\u00eancia e emerg\u00eancia em sa\u00fade. Os ve\u00edculos ser\u00e3o distribu\u00eddos para fortalecer o atendimento em 248 munic\u00edpios de 24 estados brasileiros.<\/p>\n\n\n\n<p>O presidente destacou que a entrega \u00e9 parte da renova\u00e7\u00e3o de frota, que deve contar ainda com mais 1.780 ambul\u00e2ncias.&nbsp;\u201cComo voc\u00ea pode imaginar ficar 10 anos sem renovar a frota do Samu? Porque uma ambul\u00e2ncia tem que estar bem de manuten\u00e7\u00e3o, ela tem que estar boa. A hora que ligar o motor, ela tem que pegar\u201d, disse, em evento na cidade de Salto, interior de S\u00e3o Paulo, na unidade respons\u00e1vel pela fabrica\u00e7\u00e3o dos ve\u00edculos especiais.<\/p>\n\n\n\n<p>Lula tamb\u00e9m enfatizou que essa entrega \u00e9 parte de um plano mais amplo de renova\u00e7\u00e3o da frota do SAMU, que prev\u00ea a substitui\u00e7\u00e3o de todas as ambul\u00e2ncias com mais de 6 anos de uso. O investimento para esta entrega espec\u00edfica, realizada com recursos do Novo Programa de Acelera\u00e7\u00e3o do Crescimento (PAC), totaliza R$ 89 milh\u00f5es. O objetivo do governo federal \u00e9 que, at\u00e9 2025, todos os ve\u00edculos em opera\u00e7\u00e3o no SAMU tenham at\u00e9 5 anos de uso, garantindo maior efici\u00eancia e seguran\u00e7a nos atendimentos de emerg\u00eancia.<\/p>\n\n\n\n<p>Fonte: Varela Net <\/p>\n","protected":false},"excerpt":{"rendered":"<p>Nesta quinta-feira (4), o presidente Luiz In\u00e1cio Lula da Silva realizou a entrega de 280 novas ambul\u00e2ncias destinadas ao Servi\u00e7o de Atendimento M\u00f3vel de Urg\u00eancia 192 (SAMU), um servi\u00e7o essencial de assist\u00eancia gratuita em casos de urg\u00eancia e emerg\u00eancia em sa\u00fade. Os ve\u00edculos ser\u00e3o distribu\u00eddos para fortalecer o atendimento em 248 munic\u00edpios de 24 estados [&hellip;]<\/p>\n","protected":false},"author":2,"featured_media":10207,"comment_status":"open","ping_status":"open","sticky":false,"template":"","format":"standard","meta":{"jnews-multi-image_gallery":[],"jnews_single_post":{"subtitle":"","format":"standard","video":"","gallery":"","source_name":"","source_url":"","via_name":"","via_url":"","override_template":"0","override":[{"template":"1","single_blog_custom":"","parallax":"1","fullscreen":"1","layout":"right-sidebar","sidebar":"default-sidebar","second_sidebar":"default-sidebar","sticky_sidebar":"1","share_position":"top","share_float_style":"share-monocrhome","show_share_counter":"0","show_view_counter":"0","show_featured":"1","show_post_meta":"1","show_post_author":"0","show_post_author_image":"1","show_post_date":"1","post_date_format":"default","post_date_format_custom":"Y\/m\/d","show_post_category":"1","show_post_reading_time":"0","post_reading_time_wpm":"300","show_zoom_button":"0","zoom_button_out_step":"2","zoom_button_in_step":"3","show_post_tag":"1","show_prev_next_post":"1","show_popup_post":"1","number_popup_post":"1","show_author_box":"0","show_post_related":"0","show_inline_post_related":"0"}],"override_image_size":"0","image_override":[{"single_post_thumbnail_size":"no-crop","single_post_gallery_size":"crop-715"}],"trending_post":"0","trending_post_position":"meta","trending_post_label":"Trending","sponsored_post":"0","sponsored_post_label":"Sponsored by","sponsored_post_name":"","sponsored_post_url":"","sponsored_post_logo_enable":"0","sponsored_post_logo":"","sponsored_post_desc":"","disable_ad":"0"},"jnews_primary_category":{"id":"","hide":""},"footnotes":""},"categories":[94],"tags":[],"class_list":["post-10206","post","type-post","status-publish","format-standard","has-post-thumbnail","hentry","category-saude-2"],"_links":{"self":[{"href":"https:\/\/cbxonline.com.br\/index.php\/wp-json\/wp\/v2\/posts\/10206","targetHints":{"allow":["GET"]}}],"collection":[{"href":"https:\/\/cbxonline.com.br\/index.php\/wp-json\/wp\/v2\/posts"}],"about":[{"href":"https:\/\/cbxonline.com.br\/index.php\/wp-json\/wp\/v2\/types\/post"}],"author":[{"embeddable":true,"href":"https:\/\/cbxonline.com.br\/index.php\/wp-json\/wp\/v2\/users\/2"}],"replies":[{"embeddable":true,"href":"https:\/\/cbxonline.com.br\/index.php\/wp-json\/wp\/v2\/comments?post=10206"}],"version-history":[{"count":1,"href":"https:\/\/cbxonline.com.br\/index.php\/wp-json\/wp\/v2\/posts\/10206\/revisions"}],"predecessor-version":[{"id":10208,"href":"https:\/\/cbxonline.com.br\/index.php\/wp-json\/wp\/v2\/posts\/10206\/revisions\/10208"}],"wp:featuredmedia":[{"embeddable":true,"href":"https:\/\/cbxonline.com.br\/index.php\/wp-json\/wp\/v2\/media\/10207"}],"wp:attachment":[{"href":"https:\/\/cbxonline.com.br\/index.php\/wp-json\/wp\/v2\/media?parent=10206"}],"wp:term":[{"taxonomy":"category","embeddable":true,"href":"https:\/\/cbxonline.com.br\/index.php\/wp-json\/wp\/v2\/categories?post=10206"},{"taxonomy":"post_tag","embeddable":true,"href":"https:\/\/cbxonline.com.br\/index.php\/wp-json\/wp\/v2\/tags?post=10206"}],"curies":[{"name":"wp","href":"https:\/\/api.w.org\/{rel}","templated":true}]}}