{"id":10158,"date":"2024-07-03T10:50:38","date_gmt":"2024-07-03T13:50:38","guid":{"rendered":"https:\/\/cbxonline.com.br\/?p=10158"},"modified":"2024-07-03T10:50:40","modified_gmt":"2024-07-03T13:50:40","slug":"dudu-retorna-ao-vitoria-apos-lesao-saiba-detalhes","status":"publish","type":"post","link":"https:\/\/cbxonline.com.br\/index.php\/2024\/07\/03\/dudu-retorna-ao-vitoria-apos-lesao-saiba-detalhes\/","title":{"rendered":"Dudu retorna ao Vit\u00f3ria ap\u00f3s les\u00e3o; saiba detalhes"},"content":{"rendered":"\n<p>O treino do elenco rubro-negro nesta ter\u00e7a-feira, 2, ter\u00e1 uma novidade aguardada: a volta do volante Dudu. O camisa 21 do Vit\u00f3ria n\u00e3o entra em campo h\u00e1 mais de um m\u00eas, per\u00edodo durante o qual perdeu espa\u00e7o em meio \u00e0 reconstru\u00e7\u00e3o do time sob a batuta do t\u00e9cnico Thiago Carpini.<\/p>\n\n\n\n<p>Dudu foi titular do Vit\u00f3ria pela \u00faltima vez no dia 1\u00ba de junho, quando foi expulso na derrota para o Atl\u00e9tico-GO, no Barrad\u00e3o. Desde ent\u00e3o, o jogador cumpriu suspens\u00e3o autom\u00e1tica na partida contra o Cuiab\u00e1, mas tamb\u00e9m ficou fora dos seis jogos seguintes. Al\u00e9m de n\u00e3o participar dos jogos, Dudu tamb\u00e9m esteve ausente dos treinamentos.<\/p>\n\n\n\n<p>De acordo com \u00cdtalo Rodrigues, diretor de futebol do Vit\u00f3ria, as aus\u00eancias de Dudu foram motivadas por uma sequ\u00eancia de les\u00f5es.&nbsp;<em>&#8220;Ele teve uma s\u00e9rie de problemas f\u00edsicos que o impediram de estar dispon\u00edvel para a equipe. Agora, ap\u00f3s um per\u00edodo de recupera\u00e7\u00e3o, ele est\u00e1 pronto para voltar a treinar com o grupo e buscar novamente seu espa\u00e7o no time&#8221;<\/em>, afirmou Rodrigues.<\/p>\n\n\n\n<p>O retorno de Dudu aos treinos \u00e9 visto como um passo importante na recupera\u00e7\u00e3o completa do atleta e na sua reintegra\u00e7\u00e3o ao elenco. O volante, conhecido por sua dedica\u00e7\u00e3o e capacidade t\u00e9cnica, \u00e9 considerado uma pe\u00e7a-chave no esquema de Thiago Carpini e sua volta \u00e9 aguardada com expectativa pelos torcedores rubro-negros.<\/p>\n\n\n\n<p>Fonte: Varela Net<\/p>\n","protected":false},"excerpt":{"rendered":"<p>O treino do elenco rubro-negro nesta ter\u00e7a-feira, 2, ter\u00e1 uma novidade aguardada: a volta do volante Dudu. O camisa 21 do Vit\u00f3ria n\u00e3o entra em campo h\u00e1 mais de um m\u00eas, per\u00edodo durante o qual perdeu espa\u00e7o em meio \u00e0 reconstru\u00e7\u00e3o do time sob a batuta do t\u00e9cnico Thiago Carpini. Dudu foi titular do Vit\u00f3ria [&hellip;]<\/p>\n","protected":false},"author":2,"featured_media":10159,"comment_status":"open","ping_status":"open","sticky":false,"template":"","format":"standard","meta":{"jnews-multi-image_gallery":[],"jnews_single_post":{"subtitle":"","format":"standard","video":"","gallery":"","source_name":"","source_url":"","via_name":"","via_url":"","override_template":"0","override":[{"template":"1","single_blog_custom":"","parallax":"1","fullscreen":"1","layout":"right-sidebar","sidebar":"default-sidebar","second_sidebar":"default-sidebar","sticky_sidebar":"1","share_position":"top","share_float_style":"share-monocrhome","show_share_counter":"0","show_view_counter":"0","show_featured":"1","show_post_meta":"1","show_post_author":"0","show_post_author_image":"1","show_post_date":"1","post_date_format":"default","post_date_format_custom":"Y\/m\/d","show_post_category":"1","show_post_reading_time":"0","post_reading_time_wpm":"300","show_zoom_button":"0","zoom_button_out_step":"2","zoom_button_in_step":"3","show_post_tag":"1","show_prev_next_post":"1","show_popup_post":"1","number_popup_post":"1","show_author_box":"0","show_post_related":"0","show_inline_post_related":"0"}],"override_image_size":"0","image_override":[{"single_post_thumbnail_size":"no-crop","single_post_gallery_size":"crop-715"}],"trending_post":"0","trending_post_position":"meta","trending_post_label":"Trending","sponsored_post":"0","sponsored_post_label":"Sponsored by","sponsored_post_name":"","sponsored_post_url":"","sponsored_post_logo_enable":"0","sponsored_post_logo":"","sponsored_post_desc":"","disable_ad":"0"},"jnews_primary_category":{"id":"","hide":""},"footnotes":""},"categories":[89],"tags":[],"class_list":["post-10158","post","type-post","status-publish","format-standard","has-post-thumbnail","hentry","category-esportes"],"_links":{"self":[{"href":"https:\/\/cbxonline.com.br\/index.php\/wp-json\/wp\/v2\/posts\/10158","targetHints":{"allow":["GET"]}}],"collection":[{"href":"https:\/\/cbxonline.com.br\/index.php\/wp-json\/wp\/v2\/posts"}],"about":[{"href":"https:\/\/cbxonline.com.br\/index.php\/wp-json\/wp\/v2\/types\/post"}],"author":[{"embeddable":true,"href":"https:\/\/cbxonline.com.br\/index.php\/wp-json\/wp\/v2\/users\/2"}],"replies":[{"embeddable":true,"href":"https:\/\/cbxonline.com.br\/index.php\/wp-json\/wp\/v2\/comments?post=10158"}],"version-history":[{"count":1,"href":"https:\/\/cbxonline.com.br\/index.php\/wp-json\/wp\/v2\/posts\/10158\/revisions"}],"predecessor-version":[{"id":10160,"href":"https:\/\/cbxonline.com.br\/index.php\/wp-json\/wp\/v2\/posts\/10158\/revisions\/10160"}],"wp:featuredmedia":[{"embeddable":true,"href":"https:\/\/cbxonline.com.br\/index.php\/wp-json\/wp\/v2\/media\/10159"}],"wp:attachment":[{"href":"https:\/\/cbxonline.com.br\/index.php\/wp-json\/wp\/v2\/media?parent=10158"}],"wp:term":[{"taxonomy":"category","embeddable":true,"href":"https:\/\/cbxonline.com.br\/index.php\/wp-json\/wp\/v2\/categories?post=10158"},{"taxonomy":"post_tag","embeddable":true,"href":"https:\/\/cbxonline.com.br\/index.php\/wp-json\/wp\/v2\/tags?post=10158"}],"curies":[{"name":"wp","href":"https:\/\/api.w.org\/{rel}","templated":true}]}}